{"id":13508,"date":"2022-07-18T10:16:36","date_gmt":"2022-07-18T10:16:36","guid":{"rendered":"https:\/\/www.arete.eu\/investicim-do-realit-ve-stredu-evropy-pomohou-presuny-vyroby-z-vychodu-a-nove-logisticke-trasy-rika-svoboda-z-arete\/"},"modified":"2025-03-01T10:20:34","modified_gmt":"2025-03-01T10:20:34","slug":"investicim-do-realit-ve-stredu-evropy-pomohou-presuny-vyroby-z-vychodu-a-nove-logisticke-trasy-rika-svoboda-z-arete","status":"publish","type":"post","link":"https:\/\/www.arete.eu\/cs\/investicim-do-realit-ve-stredu-evropy-pomohou-presuny-vyroby-z-vychodu-a-nove-logisticke-trasy-rika-svoboda-z-arete\/","title":{"rendered":"Investic\u00edm do realit ve st\u0159edu Evropy pomohou p\u0159esuny v\u00fdroby z V\u00fdchodu a nov\u00e9 logistick\u00e9 trasy, \u0159\u00edk\u00e1 Svoboda z Arete"},"content":{"rendered":"&#13;\n<p>St\u00e1le vid\u00edme p\u0159\u00edle\u017eitosti pro kvalitn\u00ed investice do pr\u016fmyslov\u00fdch park\u016f na \u010desk\u00e9m a slovensk\u00e9m trhu.<\/p>&#13;\n<p>A jak\u00fd je nap\u0159\u00edklad n\u00e1\u0161 pohled na inflaci a r\u016fst cen energi\u00ed? Nejen to se do\u010dtete v rozhovoru s na\u0161\u00edm kolegou Luborem Svobodou, spoluzakladatelem skupiny ARETE, pro Hospod\u00e1\u0159sk\u00e9 noviny <\/p>&#13;\n<p><a href=\"https:\/\/lnkd.in\/efqNU-tc\" target=\"_blank\" rel=\"noopener\">https:\/\/lnkd.in\/efqNU-tc<\/a><\/p>","protected":false},"excerpt":{"rendered":"<p>&#13; St\u00e1le vid\u00edme p\u0159\u00edle\u017eitosti pro kvalitn\u00ed investice do pr\u016fmyslov\u00fdch park\u016f na \u010desk\u00e9m a slovensk\u00e9m trhu. &#13; A jak\u00fd je nap\u0159\u00edklad n\u00e1\u0161 pohled na inflaci a r\u016fst cen energi\u00ed? Nejen to se do\u010dtete v rozhovoru s na\u0161\u00edm kolegou Luborem Svobodou, spoluzakladatelem skupiny ARETE, pro Hospod\u00e1\u0159sk\u00e9 noviny &#13; https:\/\/lnkd.in\/efqNU-tc<\/p>\n","protected":false},"author":6,"featured_media":9826,"comment_status":"open","ping_status":"open","sticky":false,"template":"@@single-custom-post.php","format":"standard","meta":{"_acf_changed":false,"footnotes":""},"categories":[63],"tags":[],"class_list":["post-13508","post","type-post","status-publish","format-standard","has-post-thumbnail","hentry","category-praha-cs","investment-clanky-esg","news-rozhovory"],"acf":[],"rttpg_featured_image_url":{"full":["https:\/\/www.arete.eu\/wp-content\/uploads\/2025\/02\/nos6484-fin-min-scaled.jpg",1707,2560,false],"landscape":["https:\/\/www.arete.eu\/wp-content\/uploads\/2025\/02\/nos6484-fin-min-scaled.jpg",1707,2560,false],"portraits":["https:\/\/www.arete.eu\/wp-content\/uploads\/2025\/02\/nos6484-fin-min-scaled.jpg",1707,2560,false],"thumbnail":["https:\/\/www.arete.eu\/wp-content\/uploads\/2025\/02\/nos6484-fin-min-150x150.jpg",150,150,true],"medium":["https:\/\/www.arete.eu\/wp-content\/uploads\/2025\/02\/nos6484-fin-min-200x300.jpg",200,300,true],"large":["https:\/\/www.arete.eu\/wp-content\/uploads\/2025\/02\/nos6484-fin-min-683x1024.jpg",683,1024,true],"1536x1536":["https:\/\/www.arete.eu\/wp-content\/uploads\/2025\/02\/nos6484-fin-min-1024x1536.jpg",1024,1536,true],"2048x2048":["https:\/\/www.arete.eu\/wp-content\/uploads\/2025\/02\/nos6484-fin-min-1366x2048.jpg",1366,2048,true]},"rttpg_author":{"display_name":"newadmin","author_link":"https:\/\/www.arete.eu\/cs\/author\/newadmin\/"},"rttpg_comment":0,"rttpg_category":"<a href=\"https:\/\/www.arete.eu\/cs\/category\/praha-cs\/\" rel=\"category tag\">Praha<\/a>","rttpg_excerpt":"&#13; St\u00e1le vid\u00edme p\u0159\u00edle\u017eitosti pro kvalitn\u00ed investice do pr\u016fmyslov\u00fdch park\u016f na \u010desk\u00e9m a slovensk\u00e9m trhu. &#13; A jak\u00fd je nap\u0159\u00edklad n\u00e1\u0161 pohled na inflaci a r\u016fst cen energi\u00ed? Nejen to se do\u010dtete v rozhovoru s na\u0161\u00edm kolegou Luborem Svobodou, spoluzakladatelem skupiny ARETE, pro Hospod\u00e1\u0159sk\u00e9 noviny &#13; https:\/\/lnkd.in\/efqNU-tc","_links":{"self":[{"href":"https:\/\/www.arete.eu\/cs\/wp-json\/wp\/v2\/posts\/13508","targetHints":{"allow":["GET"]}}],"collection":[{"href":"https:\/\/www.arete.eu\/cs\/wp-json\/wp\/v2\/posts"}],"about":[{"href":"https:\/\/www.arete.eu\/cs\/wp-json\/wp\/v2\/types\/post"}],"author":[{"embeddable":true,"href":"https:\/\/www.arete.eu\/cs\/wp-json\/wp\/v2\/users\/6"}],"replies":[{"embeddable":true,"href":"https:\/\/www.arete.eu\/cs\/wp-json\/wp\/v2\/comments?post=13508"}],"version-history":[{"count":1,"href":"https:\/\/www.arete.eu\/cs\/wp-json\/wp\/v2\/posts\/13508\/revisions"}],"predecessor-version":[{"id":13509,"href":"https:\/\/www.arete.eu\/cs\/wp-json\/wp\/v2\/posts\/13508\/revisions\/13509"}],"wp:featuredmedia":[{"embeddable":true,"href":"https:\/\/www.arete.eu\/cs\/wp-json\/wp\/v2\/media\/9826"}],"wp:attachment":[{"href":"https:\/\/www.arete.eu\/cs\/wp-json\/wp\/v2\/media?parent=13508"}],"wp:term":[{"taxonomy":"category","embeddable":true,"href":"https:\/\/www.arete.eu\/cs\/wp-json\/wp\/v2\/categories?post=13508"},{"taxonomy":"post_tag","embeddable":true,"href":"https:\/\/www.arete.eu\/cs\/wp-json\/wp\/v2\/tags?post=13508"}],"curies":[{"name":"wp","href":"https:\/\/api.w.org\/{rel}","templated":true}]}}