{"id":13504,"date":"2022-08-30T10:12:00","date_gmt":"2022-08-30T10:12:00","guid":{"rendered":"https:\/\/www.arete.eu\/prumyslove-nemovitosti-jsou-stale-povazovany-za-jednu-z-nejlepsich-investic-lubor-svoboda-v-poradu-biznis-na-televizia-ta3\/"},"modified":"2025-03-01T10:08:31","modified_gmt":"2025-03-01T10:08:31","slug":"prumyslove-nemovitosti-jsou-stale-povazovany-za-jednu-z-nejlepsich-investic-lubor-svoboda-v-poradu-biznis-na-televizia-ta3","status":"publish","type":"post","link":"https:\/\/www.arete.eu\/cs\/prumyslove-nemovitosti-jsou-stale-povazovany-za-jednu-z-nejlepsich-investic-lubor-svoboda-v-poradu-biznis-na-televizia-ta3\/","title":{"rendered":"Pr\u016fmyslov\u00e9 nemovitosti jsou st\u00e1le pova\u017eov\u00e1ny za jednu z nejlep\u0161\u00edch investic. Lubor Svoboda v po\u0159adu Biznis na Telev\u00edzia TA3"},"content":{"rendered":"&#13;\n<p>Pr\u016fmyslov\u00e9 nemovitosti jsou st\u00e1le pova\u017eov\u00e1ny za jednu z nejlep\u0161\u00edch investic. Pro\u010d o nich odborn\u00edci hovo\u0159\u00ed jako o nejstabiln\u011bj\u0161\u00edch investic\u00edch a jak tento byznys ovliv\u0148uje dne\u0161n\u00ed nejist\u00e1 doba a inflace? <\/p>&#13;\n<p>Nejen uveden\u00e9, ale tak\u00e9 mnoho dal\u0161\u00edch zaj\u00edmav\u00fdch informac\u00ed se dozv\u00edte v profilov\u00e9m rozhovoru Lubor Svoboda s Katrin Lengyelovou v po\u0159adu Biznis na Telev\u00edzia TA3.<\/p>","protected":false},"excerpt":{"rendered":"<p>&#13; Pr\u016fmyslov\u00e9 nemovitosti jsou st\u00e1le pova\u017eov\u00e1ny za jednu z nejlep\u0161\u00edch investic. Pro\u010d o nich odborn\u00edci hovo\u0159\u00ed jako o nejstabiln\u011bj\u0161\u00edch investic\u00edch a jak tento byznys ovliv\u0148uje dne\u0161n\u00ed nejist\u00e1 doba a inflace? &#13; Nejen uveden\u00e9, ale tak\u00e9 mnoho dal\u0161\u00edch zaj\u00edmav\u00fdch informac\u00ed se dozv\u00edte v profilov\u00e9m rozhovoru Lubor Svoboda s Katrin Lengyelovou v po\u0159adu Biznis na Telev\u00edzia TA3.<\/p>\n","protected":false},"author":6,"featured_media":9813,"comment_status":"open","ping_status":"open","sticky":false,"template":"@@single-custom-post.php","format":"standard","meta":{"_acf_changed":false,"footnotes":""},"categories":[63],"tags":[],"class_list":["post-13504","post","type-post","status-publish","format-standard","has-post-thumbnail","hentry","category-praha-cs","investment-clanky-esg","news-rozhovory"],"acf":[],"rttpg_featured_image_url":{"full":["https:\/\/www.arete.eu\/wp-content\/uploads\/2025\/02\/lubor-ta3-scaled.webp",2560,1869,false],"landscape":["https:\/\/www.arete.eu\/wp-content\/uploads\/2025\/02\/lubor-ta3-scaled.webp",2560,1869,false],"portraits":["https:\/\/www.arete.eu\/wp-content\/uploads\/2025\/02\/lubor-ta3-scaled.webp",2560,1869,false],"thumbnail":["https:\/\/www.arete.eu\/wp-content\/uploads\/2025\/02\/lubor-ta3-150x150.webp",150,150,true],"medium":["https:\/\/www.arete.eu\/wp-content\/uploads\/2025\/02\/lubor-ta3-300x219.webp",300,219,true],"large":["https:\/\/www.arete.eu\/wp-content\/uploads\/2025\/02\/lubor-ta3-1024x748.webp",800,584,true],"1536x1536":["https:\/\/www.arete.eu\/wp-content\/uploads\/2025\/02\/lubor-ta3-1536x1121.webp",1536,1121,true],"2048x2048":["https:\/\/www.arete.eu\/wp-content\/uploads\/2025\/02\/lubor-ta3-2048x1495.webp",2048,1495,true]},"rttpg_author":{"display_name":"newadmin","author_link":"https:\/\/www.arete.eu\/cs\/author\/newadmin\/"},"rttpg_comment":0,"rttpg_category":"<a href=\"https:\/\/www.arete.eu\/cs\/category\/praha-cs\/\" rel=\"category tag\">Praha<\/a>","rttpg_excerpt":"&#13; Pr\u016fmyslov\u00e9 nemovitosti jsou st\u00e1le pova\u017eov\u00e1ny za jednu z nejlep\u0161\u00edch investic. Pro\u010d o nich odborn\u00edci hovo\u0159\u00ed jako o nejstabiln\u011bj\u0161\u00edch investic\u00edch a jak tento byznys ovliv\u0148uje dne\u0161n\u00ed nejist\u00e1 doba a inflace? &#13; Nejen uveden\u00e9, ale tak\u00e9 mnoho dal\u0161\u00edch zaj\u00edmav\u00fdch informac\u00ed se dozv\u00edte v profilov\u00e9m rozhovoru Lubor Svoboda s Katrin Lengyelovou v po\u0159adu Biznis na Telev\u00edzia TA3.","_links":{"self":[{"href":"https:\/\/www.arete.eu\/cs\/wp-json\/wp\/v2\/posts\/13504","targetHints":{"allow":["GET"]}}],"collection":[{"href":"https:\/\/www.arete.eu\/cs\/wp-json\/wp\/v2\/posts"}],"about":[{"href":"https:\/\/www.arete.eu\/cs\/wp-json\/wp\/v2\/types\/post"}],"author":[{"embeddable":true,"href":"https:\/\/www.arete.eu\/cs\/wp-json\/wp\/v2\/users\/6"}],"replies":[{"embeddable":true,"href":"https:\/\/www.arete.eu\/cs\/wp-json\/wp\/v2\/comments?post=13504"}],"version-history":[{"count":1,"href":"https:\/\/www.arete.eu\/cs\/wp-json\/wp\/v2\/posts\/13504\/revisions"}],"predecessor-version":[{"id":13505,"href":"https:\/\/www.arete.eu\/cs\/wp-json\/wp\/v2\/posts\/13504\/revisions\/13505"}],"wp:featuredmedia":[{"embeddable":true,"href":"https:\/\/www.arete.eu\/cs\/wp-json\/wp\/v2\/media\/9813"}],"wp:attachment":[{"href":"https:\/\/www.arete.eu\/cs\/wp-json\/wp\/v2\/media?parent=13504"}],"wp:term":[{"taxonomy":"category","embeddable":true,"href":"https:\/\/www.arete.eu\/cs\/wp-json\/wp\/v2\/categories?post=13504"},{"taxonomy":"post_tag","embeddable":true,"href":"https:\/\/www.arete.eu\/cs\/wp-json\/wp\/v2\/tags?post=13504"}],"curies":[{"name":"wp","href":"https:\/\/api.w.org\/{rel}","templated":true}]}}