{"id":13479,"date":"2023-02-21T09:28:02","date_gmt":"2023-02-21T09:28:02","guid":{"rendered":"https:\/\/www.arete.eu\/prumyslove-nemovitosti-funguji-ve-vsech-fazich-hospodarskeho-cyklu\/"},"modified":"2025-03-01T07:52:46","modified_gmt":"2025-03-01T07:52:46","slug":"prumyslove-nemovitosti-funguji-ve-vsech-fazich-hospodarskeho-cyklu","status":"publish","type":"post","link":"https:\/\/www.arete.eu\/cs\/prumyslove-nemovitosti-funguji-ve-vsech-fazich-hospodarskeho-cyklu\/","title":{"rendered":"Pr\u016fmyslov\u00e9 nemovitosti funguj\u00ed ve v\u0161ech f\u00e1z\u00edch hospod\u00e1\u0159sk\u00e9ho cyklu"},"content":{"rendered":"&#13;\n<p>Pr\u016fmyslov\u00e9 nemovitosti dok\u00e1\u017e\u00ed do portfolia p\u0159in\u00e1\u0161et stabilitu a z\u00e1rove\u0148 zaj\u00edmav\u00e9 zhodnocen\u00ed b\u011bhem v\u0161ech f\u00e1z\u00ed hospod\u00e1\u0159sk\u00e9ho cyklu.<\/p>&#13;\n<p>Jedn\u00e1 se o unik\u00e1tn\u00ed odv\u011btv\u00ed, kter\u00e9 p\u0159i konjunktu\u0159e roste jako jedno z nejrychlej\u0161\u00edch a sou\u010dasn\u011b dok\u00e1\u017ee velice slu\u0161n\u011b odol\u00e1vat recesi. <\/p>&#13;\n<p>Nav\u00edc jde o segment nemovitost\u00ed, kter\u00fd je tahounem zelen\u00e9ho stavebnictv\u00ed. V\u00edce v textu na\u0161eho spoluzakladatele Lubor Svoboda pro Wealth Magaz\u00edn.<\/p>&#13;\n<p><a href=\"https:\/\/lnkd.in\/e2ccrKDf\" target=\"_blank\" rel=\"noopener\">https:\/\/lnkd.in\/e2ccrKDf<\/a><\/p>","protected":false},"excerpt":{"rendered":"<p>&#13; Pr\u016fmyslov\u00e9 nemovitosti dok\u00e1\u017e\u00ed do portfolia p\u0159in\u00e1\u0161et stabilitu a z\u00e1rove\u0148 zaj\u00edmav\u00e9 zhodnocen\u00ed b\u011bhem v\u0161ech f\u00e1z\u00ed hospod\u00e1\u0159sk\u00e9ho cyklu. &#13; Jedn\u00e1 se o unik\u00e1tn\u00ed odv\u011btv\u00ed, kter\u00e9 p\u0159i konjunktu\u0159e roste jako jedno z nejrychlej\u0161\u00edch a sou\u010dasn\u011b dok\u00e1\u017ee velice slu\u0161n\u011b odol\u00e1vat recesi. &#13; Nav\u00edc jde o segment nemovitost\u00ed, kter\u00fd je tahounem zelen\u00e9ho stavebnictv\u00ed. V\u00edce v textu na\u0161eho spoluzakladatele Lubor Svoboda pro Wealth Magaz\u00edn. &#13; https:\/\/lnkd.in\/e2ccrKDf<\/p>\n","protected":false},"author":6,"featured_media":9692,"comment_status":"open","ping_status":"open","sticky":false,"template":"@@single-custom-post.php","format":"standard","meta":{"_acf_changed":false,"footnotes":""},"categories":[63],"tags":[],"class_list":["post-13479","post","type-post","status-publish","format-standard","has-post-thumbnail","hentry","category-praha-cs","investment-clanky-esg","news-rozhovory"],"acf":[],"rttpg_featured_image_url":{"full":["https:\/\/www.arete.eu\/wp-content\/uploads\/2025\/02\/nos6531-fin-min-orez-2.webp",800,800,false],"landscape":["https:\/\/www.arete.eu\/wp-content\/uploads\/2025\/02\/nos6531-fin-min-orez-2.webp",800,800,false],"portraits":["https:\/\/www.arete.eu\/wp-content\/uploads\/2025\/02\/nos6531-fin-min-orez-2.webp",800,800,false],"thumbnail":["https:\/\/www.arete.eu\/wp-content\/uploads\/2025\/02\/nos6531-fin-min-orez-2-150x150.webp",150,150,true],"medium":["https:\/\/www.arete.eu\/wp-content\/uploads\/2025\/02\/nos6531-fin-min-orez-2-300x300.webp",300,300,true],"large":["https:\/\/www.arete.eu\/wp-content\/uploads\/2025\/02\/nos6531-fin-min-orez-2.webp",800,800,false],"1536x1536":["https:\/\/www.arete.eu\/wp-content\/uploads\/2025\/02\/nos6531-fin-min-orez-2.webp",800,800,false],"2048x2048":["https:\/\/www.arete.eu\/wp-content\/uploads\/2025\/02\/nos6531-fin-min-orez-2.webp",800,800,false]},"rttpg_author":{"display_name":"newadmin","author_link":"https:\/\/www.arete.eu\/cs\/author\/newadmin\/"},"rttpg_comment":0,"rttpg_category":"<a href=\"https:\/\/www.arete.eu\/cs\/category\/praha-cs\/\" rel=\"category tag\">Praha<\/a>","rttpg_excerpt":"&#13; Pr\u016fmyslov\u00e9 nemovitosti dok\u00e1\u017e\u00ed do portfolia p\u0159in\u00e1\u0161et stabilitu a z\u00e1rove\u0148 zaj\u00edmav\u00e9 zhodnocen\u00ed b\u011bhem v\u0161ech f\u00e1z\u00ed hospod\u00e1\u0159sk\u00e9ho cyklu. &#13; Jedn\u00e1 se o unik\u00e1tn\u00ed odv\u011btv\u00ed, kter\u00e9 p\u0159i konjunktu\u0159e roste jako jedno z nejrychlej\u0161\u00edch a sou\u010dasn\u011b dok\u00e1\u017ee velice slu\u0161n\u011b odol\u00e1vat recesi. &#13; Nav\u00edc jde o segment nemovitost\u00ed, kter\u00fd je tahounem zelen\u00e9ho stavebnictv\u00ed. V\u00edce v textu na\u0161eho spoluzakladatele Lubor&hellip;","_links":{"self":[{"href":"https:\/\/www.arete.eu\/cs\/wp-json\/wp\/v2\/posts\/13479","targetHints":{"allow":["GET"]}}],"collection":[{"href":"https:\/\/www.arete.eu\/cs\/wp-json\/wp\/v2\/posts"}],"about":[{"href":"https:\/\/www.arete.eu\/cs\/wp-json\/wp\/v2\/types\/post"}],"author":[{"embeddable":true,"href":"https:\/\/www.arete.eu\/cs\/wp-json\/wp\/v2\/users\/6"}],"replies":[{"embeddable":true,"href":"https:\/\/www.arete.eu\/cs\/wp-json\/wp\/v2\/comments?post=13479"}],"version-history":[{"count":1,"href":"https:\/\/www.arete.eu\/cs\/wp-json\/wp\/v2\/posts\/13479\/revisions"}],"predecessor-version":[{"id":13480,"href":"https:\/\/www.arete.eu\/cs\/wp-json\/wp\/v2\/posts\/13479\/revisions\/13480"}],"wp:featuredmedia":[{"embeddable":true,"href":"https:\/\/www.arete.eu\/cs\/wp-json\/wp\/v2\/media\/9692"}],"wp:attachment":[{"href":"https:\/\/www.arete.eu\/cs\/wp-json\/wp\/v2\/media?parent=13479"}],"wp:term":[{"taxonomy":"category","embeddable":true,"href":"https:\/\/www.arete.eu\/cs\/wp-json\/wp\/v2\/categories?post=13479"},{"taxonomy":"post_tag","embeddable":true,"href":"https:\/\/www.arete.eu\/cs\/wp-json\/wp\/v2\/tags?post=13479"}],"curies":[{"name":"wp","href":"https:\/\/api.w.org\/{rel}","templated":true}]}}