{"id":13213,"date":"2023-05-23T07:59:17","date_gmt":"2023-05-23T07:59:17","guid":{"rendered":"https:\/\/www.arete.eu\/vyplati-se-sverit-vasi-nemovitost-profesionalum\/"},"modified":"2025-02-25T12:49:24","modified_gmt":"2025-02-25T12:49:24","slug":"vyplati-se-sverit-vasi-nemovitost-profesionalum","status":"publish","type":"post","link":"https:\/\/www.arete.eu\/cs\/vyplati-se-sverit-vasi-nemovitost-profesionalum\/","title":{"rendered":"Vyplat\u00ed se sv\u011b\u0159it va\u0161i nemovitost profesion\u00e1l\u016fm?"},"content":{"rendered":"&#13;\n<div class=\"_cms-content art-u-mb-48\">&#13;\n<p>Ekonomick\u00e9 zpomalen\u00ed, zv\u00fd\u0161en\u00e9 \u00farokov\u00e9 sazby a dostupnost financov\u00e1n\u00ed maj\u00ed za n\u00e1sledek, \u017ee nejen v r\u00e1mci pr\u016fmyslov\u00fdch nemovitost\u00ed roste popularita sale and leaseback transakc\u00ed. Prodej a zp\u011btn\u00fd pron\u00e1jem nemovitosti m\u016f\u017ee firm\u011b uvolnit ruce a p\u0159in\u00e9st do rozpo\u010dtu k\u00fd\u017een\u00fd kapit\u00e1l pot\u0159ebn\u00fd k modernizaci a zav\u00e1d\u011bn\u00ed pokro\u010dil\u00fdch technologi\u00ed. <\/p>&#13;\n<p><i>\u201eProdej a zp\u011btn\u00fd pron\u00e1jem uvol\u0148uje pro firmu kapit\u00e1l v\u00e1zan\u00fd v nemovitostech. V prvn\u00ed \u0159ad\u011b t\u00edmto zp\u016fsobem lze zlep\u0161it ukazatele firmy a strukturu bilance, sn\u00ed\u017eit dluhov\u00e9 zat\u00ed\u017een\u00ed a zlep\u0161it cash flow a likviditu. V dob\u011b zv\u00fd\u0161en\u00fdch \u00farokov\u00fdch sazeb se t\u00edm nav\u00edc omezuje nutnost p\u0159ij\u00edm\u00e1n\u00ed nov\u00fdch \u00fav\u011br\u016f a urychluje se spl\u00e1cen\u00ed star\u00fdch z\u00e1vazk\u016f,\u201c<\/i> vysv\u011btluje v textu pro Wealth Magaz\u00edn n\u00e1\u0161 kolega a CIO ARETE Miroslav Barnas. <\/p>&#13;\n<p>Cel\u00fd \u010dl\u00e1nek: <a href=\"https:\/\/wmag.cz\/vyplati-se-sverit-vasi-nemovitost-profesionalum\/\" target=\"_blank\" rel=\"noopener\">https:\/\/wmag.cz\/vyplati-se-sverit-vasi-nemovitost-profesionalum\/<\/a><\/p>&#13;\n<\/div>&#13;\n<h2 class=\"art-h art-h--tertiary art-u-mb-24\">\u00a0<\/h2>","protected":false},"excerpt":{"rendered":"<p>&#13; &#13; Ekonomick\u00e9 zpomalen\u00ed, zv\u00fd\u0161en\u00e9 \u00farokov\u00e9 sazby a dostupnost financov\u00e1n\u00ed maj\u00ed za n\u00e1sledek, \u017ee nejen v r\u00e1mci pr\u016fmyslov\u00fdch nemovitost\u00ed roste popularita sale and leaseback transakc\u00ed. Prodej a zp\u011btn\u00fd pron\u00e1jem nemovitosti m\u016f\u017ee firm\u011b uvolnit ruce a p\u0159in\u00e9st do rozpo\u010dtu k\u00fd\u017een\u00fd kapit\u00e1l pot\u0159ebn\u00fd k modernizaci a zav\u00e1d\u011bn\u00ed pokro\u010dil\u00fdch technologi\u00ed. &#13; \u201eProdej a zp\u011btn\u00fd pron\u00e1jem uvol\u0148uje pro firmu kapit\u00e1l v\u00e1zan\u00fd v nemovitostech. V prvn\u00ed \u0159ad\u011b t\u00edmto zp\u016fsobem lze zlep\u0161it ukazatele firmy a strukturu bilance, sn\u00ed\u017eit dluhov\u00e9 zat\u00ed\u017een\u00ed a zlep\u0161it cash flow a likviditu. V dob\u011b zv\u00fd\u0161en\u00fdch \u00farokov\u00fdch sazeb se t\u00edm nav\u00edc omezuje nutnost p\u0159ij\u00edm\u00e1n\u00ed nov\u00fdch \u00fav\u011br\u016f a urychluje se spl\u00e1cen\u00ed star\u00fdch z\u00e1vazk\u016f,\u201c vysv\u011btluje v textu pro Wealth Magaz\u00edn n\u00e1\u0161 kolega a CIO ARETE Miroslav Barnas. &#13; Cel\u00fd \u010dl\u00e1nek: https:\/\/wmag.cz\/vyplati-se-sverit-vasi-nemovitost-profesionalum\/ &#13; &#13; \u00a0<\/p>\n","protected":false},"author":6,"featured_media":9658,"comment_status":"open","ping_status":"open","sticky":false,"template":"@@single-custom-post.php","format":"standard","meta":{"_acf_changed":false,"footnotes":""},"categories":[63],"tags":[],"class_list":["post-13213","post","type-post","status-publish","format-standard","has-post-thumbnail","hentry","category-praha-cs","investment-clanky-esg","news-rozhovory"],"acf":[],"rttpg_featured_image_url":{"full":["https:\/\/www.arete.eu\/wp-content\/uploads\/2025\/02\/mb2.webp",800,612,false],"landscape":["https:\/\/www.arete.eu\/wp-content\/uploads\/2025\/02\/mb2.webp",800,612,false],"portraits":["https:\/\/www.arete.eu\/wp-content\/uploads\/2025\/02\/mb2.webp",800,612,false],"thumbnail":["https:\/\/www.arete.eu\/wp-content\/uploads\/2025\/02\/mb2-150x150.webp",150,150,true],"medium":["https:\/\/www.arete.eu\/wp-content\/uploads\/2025\/02\/mb2-300x230.webp",300,230,true],"large":["https:\/\/www.arete.eu\/wp-content\/uploads\/2025\/02\/mb2.webp",800,612,false],"1536x1536":["https:\/\/www.arete.eu\/wp-content\/uploads\/2025\/02\/mb2.webp",800,612,false],"2048x2048":["https:\/\/www.arete.eu\/wp-content\/uploads\/2025\/02\/mb2.webp",800,612,false]},"rttpg_author":{"display_name":"newadmin","author_link":"https:\/\/www.arete.eu\/cs\/author\/newadmin\/"},"rttpg_comment":0,"rttpg_category":"<a href=\"https:\/\/www.arete.eu\/cs\/category\/praha-cs\/\" rel=\"category tag\">Praha<\/a>","rttpg_excerpt":"&#13; &#13; Ekonomick\u00e9 zpomalen\u00ed, zv\u00fd\u0161en\u00e9 \u00farokov\u00e9 sazby a dostupnost financov\u00e1n\u00ed maj\u00ed za n\u00e1sledek, \u017ee nejen v r\u00e1mci pr\u016fmyslov\u00fdch nemovitost\u00ed roste popularita sale and leaseback transakc\u00ed. Prodej a zp\u011btn\u00fd pron\u00e1jem nemovitosti m\u016f\u017ee firm\u011b uvolnit ruce a p\u0159in\u00e9st do rozpo\u010dtu k\u00fd\u017een\u00fd kapit\u00e1l pot\u0159ebn\u00fd k modernizaci a zav\u00e1d\u011bn\u00ed pokro\u010dil\u00fdch technologi\u00ed. &#13; \u201eProdej a zp\u011btn\u00fd pron\u00e1jem uvol\u0148uje pro firmu&hellip;","_links":{"self":[{"href":"https:\/\/www.arete.eu\/cs\/wp-json\/wp\/v2\/posts\/13213","targetHints":{"allow":["GET"]}}],"collection":[{"href":"https:\/\/www.arete.eu\/cs\/wp-json\/wp\/v2\/posts"}],"about":[{"href":"https:\/\/www.arete.eu\/cs\/wp-json\/wp\/v2\/types\/post"}],"author":[{"embeddable":true,"href":"https:\/\/www.arete.eu\/cs\/wp-json\/wp\/v2\/users\/6"}],"replies":[{"embeddable":true,"href":"https:\/\/www.arete.eu\/cs\/wp-json\/wp\/v2\/comments?post=13213"}],"version-history":[{"count":1,"href":"https:\/\/www.arete.eu\/cs\/wp-json\/wp\/v2\/posts\/13213\/revisions"}],"predecessor-version":[{"id":13214,"href":"https:\/\/www.arete.eu\/cs\/wp-json\/wp\/v2\/posts\/13213\/revisions\/13214"}],"wp:featuredmedia":[{"embeddable":true,"href":"https:\/\/www.arete.eu\/cs\/wp-json\/wp\/v2\/media\/9658"}],"wp:attachment":[{"href":"https:\/\/www.arete.eu\/cs\/wp-json\/wp\/v2\/media?parent=13213"}],"wp:term":[{"taxonomy":"category","embeddable":true,"href":"https:\/\/www.arete.eu\/cs\/wp-json\/wp\/v2\/categories?post=13213"},{"taxonomy":"post_tag","embeddable":true,"href":"https:\/\/www.arete.eu\/cs\/wp-json\/wp\/v2\/tags?post=13213"}],"curies":[{"name":"wp","href":"https:\/\/api.w.org\/{rel}","templated":true}]}}