{"id":13211,"date":"2023-05-30T07:57:12","date_gmt":"2023-05-30T07:57:12","guid":{"rendered":"https:\/\/www.arete.eu\/dokoncili-jsme-novou-halu-v-ramci-arete-park-plzen-borska-pole\/"},"modified":"2025-02-25T12:43:59","modified_gmt":"2025-02-25T12:43:59","slug":"dokoncili-jsme-novou-halu-v-ramci-arete-park-plzen-borska-pole","status":"publish","type":"post","link":"https:\/\/www.arete.eu\/cs\/dokoncili-jsme-novou-halu-v-ramci-arete-park-plzen-borska-pole\/","title":{"rendered":"Dokon\u010dili jsme novou halu v r\u00e1mci ARETE Park Plze\u0148, Borsk\u00e1 pole"},"content":{"rendered":"&#13;\n<p>Projekt pr\u016fmyslov\u00e9ho parku v Plzni je v\u00fdjime\u010dn\u00fd t\u00edm, \u017ee se jedn\u00e1 celkov\u011b o prvn\u00ed celkovou revitalizaci brownfieldu na\u0161\u00edm development t\u00fdmem. Do\u0161lo ke kompletn\u00ed revitalizaci b\u00fdval\u00e9ho masokombin\u00e1tu, kter\u00fd se prom\u011bnil v modern\u00ed are\u00e1l poskytuj\u00edc\u00ed nejen skladov\u00e9, ale i v\u00fdrobn\u00ed a prodejn\u00ed plochy pro spole\u010dnost GIENGER.  <\/p>&#13;\n<p>Spole\u010dnost GIENGER, kter\u00e1 p\u016fsob\u00ed po cel\u00e9 Evrop\u011b, se zam\u011b\u0159uje na velkoobchodn\u00ed \u010dinnost v oblasti topen\u00ed, sanity, instalac\u00ed a in\u017een\u00fdrsk\u00fdch s\u00edt\u00ed a m\u00e1 v\u00edce ne\u017e \u010dtvrt stolet\u00ed dlouhou tradici p\u016fsoben\u00ed na \u010desk\u00e9m trhu.<\/p>&#13;\n<p>Are\u00e1l, do n\u011bho\u017e pat\u0159\u00ed i v\u00fd\u0161e zm\u00edn\u011bn\u00e1 hala o celkov\u00e9 plo\u0161e v\u00edce ne\u017e 3600 m2, je postupn\u011b dostavov\u00e1n a pln\u011b obsazen nadn\u00e1rodn\u00edmi spole\u010dnostmi s v\u00fdborn\u00fdm ratingem, kter\u00e9 podepsaly dlouhodob\u00e9 n\u00e1jemn\u00ed smlouvy. V souladu s ESG principy skupiny ARETE finalizujeme certifikaci BREEAM a respektuje tak v\u0161echny modern\u00ed standardy spojen\u00e9 se snahou o udr\u017eiteln\u00e9 a spole\u010densky odpov\u011bdn\u00e9 stavebnictv\u00ed. <\/p>","protected":false},"excerpt":{"rendered":"<p>&#13; Projekt pr\u016fmyslov\u00e9ho parku v Plzni je v\u00fdjime\u010dn\u00fd t\u00edm, \u017ee se jedn\u00e1 celkov\u011b o prvn\u00ed celkovou revitalizaci brownfieldu na\u0161\u00edm development t\u00fdmem. Do\u0161lo ke kompletn\u00ed revitalizaci b\u00fdval\u00e9ho masokombin\u00e1tu, kter\u00fd se prom\u011bnil v modern\u00ed are\u00e1l poskytuj\u00edc\u00ed nejen skladov\u00e9, ale i v\u00fdrobn\u00ed a prodejn\u00ed plochy pro spole\u010dnost GIENGER. &#13; Spole\u010dnost GIENGER, kter\u00e1 p\u016fsob\u00ed po cel\u00e9 Evrop\u011b, se zam\u011b\u0159uje na velkoobchodn\u00ed \u010dinnost v oblasti topen\u00ed, sanity, instalac\u00ed a in\u017een\u00fdrsk\u00fdch s\u00edt\u00ed a m\u00e1 v\u00edce ne\u017e \u010dtvrt stolet\u00ed dlouhou tradici p\u016fsoben\u00ed na \u010desk\u00e9m trhu. &#13; Are\u00e1l, do n\u011bho\u017e pat\u0159\u00ed i v\u00fd\u0161e zm\u00edn\u011bn\u00e1 hala o celkov\u00e9 plo\u0161e v\u00edce ne\u017e 3600 m2, je postupn\u011b dostavov\u00e1n a pln\u011b obsazen nadn\u00e1rodn\u00edmi spole\u010dnostmi s v\u00fdborn\u00fdm ratingem, kter\u00e9 podepsaly dlouhodob\u00e9 n\u00e1jemn\u00ed smlouvy. V souladu s ESG principy skupiny ARETE finalizujeme certifikaci BREEAM a respektuje tak v\u0161echny modern\u00ed standardy spojen\u00e9 se snahou o udr\u017eiteln\u00e9 a spole\u010densky odpov\u011bdn\u00e9 stavebnictv\u00ed.<\/p>\n","protected":false},"author":6,"featured_media":9653,"comment_status":"open","ping_status":"open","sticky":false,"template":"@@single-custom-post.php","format":"standard","meta":{"_acf_changed":false,"footnotes":""},"categories":[80,63],"tags":[],"class_list":["post-13211","post","type-post","status-publish","format-standard","has-post-thumbnail","hentry","category-plzen","category-praha-cs","investment-clanky-esg","news-novinky"],"acf":[],"rttpg_featured_image_url":{"full":["https:\/\/www.arete.eu\/wp-content\/uploads\/2025\/02\/plzen.webp",1500,938,false],"landscape":["https:\/\/www.arete.eu\/wp-content\/uploads\/2025\/02\/plzen.webp",1500,938,false],"portraits":["https:\/\/www.arete.eu\/wp-content\/uploads\/2025\/02\/plzen.webp",1500,938,false],"thumbnail":["https:\/\/www.arete.eu\/wp-content\/uploads\/2025\/02\/plzen-150x150.webp",150,150,true],"medium":["https:\/\/www.arete.eu\/wp-content\/uploads\/2025\/02\/plzen-300x188.webp",300,188,true],"large":["https:\/\/www.arete.eu\/wp-content\/uploads\/2025\/02\/plzen-1024x640.webp",800,500,true],"1536x1536":["https:\/\/www.arete.eu\/wp-content\/uploads\/2025\/02\/plzen.webp",1500,938,false],"2048x2048":["https:\/\/www.arete.eu\/wp-content\/uploads\/2025\/02\/plzen.webp",1500,938,false]},"rttpg_author":{"display_name":"newadmin","author_link":"https:\/\/www.arete.eu\/cs\/author\/newadmin\/"},"rttpg_comment":0,"rttpg_category":"<a href=\"https:\/\/www.arete.eu\/cs\/category\/plzen\/\" rel=\"category tag\">Plze\u0148<\/a> <a href=\"https:\/\/www.arete.eu\/cs\/category\/praha-cs\/\" rel=\"category tag\">Praha<\/a>","rttpg_excerpt":"&#13; Projekt pr\u016fmyslov\u00e9ho parku v Plzni je v\u00fdjime\u010dn\u00fd t\u00edm, \u017ee se jedn\u00e1 celkov\u011b o prvn\u00ed celkovou revitalizaci brownfieldu na\u0161\u00edm development t\u00fdmem. Do\u0161lo ke kompletn\u00ed revitalizaci b\u00fdval\u00e9ho masokombin\u00e1tu, kter\u00fd se prom\u011bnil v modern\u00ed are\u00e1l poskytuj\u00edc\u00ed nejen skladov\u00e9, ale i v\u00fdrobn\u00ed a prodejn\u00ed plochy pro spole\u010dnost GIENGER. &#13; Spole\u010dnost GIENGER, kter\u00e1 p\u016fsob\u00ed po cel\u00e9 Evrop\u011b, se zam\u011b\u0159uje&hellip;","_links":{"self":[{"href":"https:\/\/www.arete.eu\/cs\/wp-json\/wp\/v2\/posts\/13211","targetHints":{"allow":["GET"]}}],"collection":[{"href":"https:\/\/www.arete.eu\/cs\/wp-json\/wp\/v2\/posts"}],"about":[{"href":"https:\/\/www.arete.eu\/cs\/wp-json\/wp\/v2\/types\/post"}],"author":[{"embeddable":true,"href":"https:\/\/www.arete.eu\/cs\/wp-json\/wp\/v2\/users\/6"}],"replies":[{"embeddable":true,"href":"https:\/\/www.arete.eu\/cs\/wp-json\/wp\/v2\/comments?post=13211"}],"version-history":[{"count":1,"href":"https:\/\/www.arete.eu\/cs\/wp-json\/wp\/v2\/posts\/13211\/revisions"}],"predecessor-version":[{"id":13212,"href":"https:\/\/www.arete.eu\/cs\/wp-json\/wp\/v2\/posts\/13211\/revisions\/13212"}],"wp:featuredmedia":[{"embeddable":true,"href":"https:\/\/www.arete.eu\/cs\/wp-json\/wp\/v2\/media\/9653"}],"wp:attachment":[{"href":"https:\/\/www.arete.eu\/cs\/wp-json\/wp\/v2\/media?parent=13211"}],"wp:term":[{"taxonomy":"category","embeddable":true,"href":"https:\/\/www.arete.eu\/cs\/wp-json\/wp\/v2\/categories?post=13211"},{"taxonomy":"post_tag","embeddable":true,"href":"https:\/\/www.arete.eu\/cs\/wp-json\/wp\/v2\/tags?post=13211"}],"curies":[{"name":"wp","href":"https:\/\/api.w.org\/{rel}","templated":true}]}}