{"id":13205,"date":"2023-07-01T07:51:35","date_gmt":"2023-07-01T07:51:35","guid":{"rendered":"https:\/\/www.arete.eu\/filantropie-a-spolecensky-odpovedne-chovani-jsou-pro-nas-v-arete-dulezite\/"},"modified":"2025-02-25T12:28:17","modified_gmt":"2025-02-25T12:28:17","slug":"filantropie-a-spolecensky-odpovedne-chovani-jsou-pro-nas-v-arete-dulezite","status":"publish","type":"post","link":"https:\/\/www.arete.eu\/cs\/filantropie-a-spolecensky-odpovedne-chovani-jsou-pro-nas-v-arete-dulezite\/","title":{"rendered":"Filantropie a spole\u010densky odpov\u011bdn\u00e9 chov\u00e1n\u00ed jsou pro n\u00e1s v ARETE d\u016fle\u017eit\u00e9"},"content":{"rendered":"&#13;\n<p>Filantropie a spole\u010densky odpov\u011bdn\u00e9 chov\u00e1n\u00ed jsou pro n\u00e1s v ARETE d\u016fle\u017eit\u00e9. Dlouhodob\u011b m\u00e1me pozitivn\u00ed zku\u0161enosti s investicemi mezin\u00e1rodn\u00edch nadac\u00ed do na\u0161ich fond\u016f. Jsme pot\u011b\u0161eni, \u017ee v\u00fdnosy, kter\u00fdch jsme v minulosti dos\u00e1hli, p\u0159isp\u011bly nejen k na\u0161emu \u00fasp\u011bchu, ale tak\u00e9 k zaji\u0161t\u011bn\u00ed pot\u0159ebn\u00fdch zdroj\u016f pro filantropick\u00e9 \u00fa\u010dely.  <\/p>&#13;\n<p>Samotn\u00fd charakter dobro\u010dinnosti se v\u0161ak v posledn\u00edch letech m\u011bn\u00ed. Postupn\u011b se p\u0159esouv\u00e1me od spont\u00e1nn\u00edch sb\u00edrek a odkazov\u00e1n\u00ed cel\u00e9ho majetku k filantropick\u00e9mu podnik\u00e1n\u00ed. V\u00edce se dozv\u00edte v \u010dl\u00e1nku na\u0161eho kolegy Josefa Vojty o filantropick\u00e9m kapitalismu pro Wealth Magaz\u00edn.  <\/p>&#13;\n<p>Cel\u00fd \u010dl\u00e1nek zde: <a href=\"ttps:\/\/www.linkedin.com\/feed\/update\/urn:li:activity:7080089092989841408\" target=\"_blank\" rel=\"noopener\">https:\/\/www.linkedin.com\/feed\/update\/urn:li:activity:7080089092989841408<\/a><\/p>","protected":false},"excerpt":{"rendered":"<p>&#13; Filantropie a spole\u010densky odpov\u011bdn\u00e9 chov\u00e1n\u00ed jsou pro n\u00e1s v ARETE d\u016fle\u017eit\u00e9. Dlouhodob\u011b m\u00e1me pozitivn\u00ed zku\u0161enosti s investicemi mezin\u00e1rodn\u00edch nadac\u00ed do na\u0161ich fond\u016f. Jsme pot\u011b\u0161eni, \u017ee v\u00fdnosy, kter\u00fdch jsme v minulosti dos\u00e1hli, p\u0159isp\u011bly nejen k na\u0161emu \u00fasp\u011bchu, ale tak\u00e9 k zaji\u0161t\u011bn\u00ed pot\u0159ebn\u00fdch zdroj\u016f pro filantropick\u00e9 \u00fa\u010dely. &#13; Samotn\u00fd charakter dobro\u010dinnosti se v\u0161ak v posledn\u00edch letech m\u011bn\u00ed. Postupn\u011b se p\u0159esouv\u00e1me od spont\u00e1nn\u00edch sb\u00edrek a odkazov\u00e1n\u00ed cel\u00e9ho majetku k filantropick\u00e9mu podnik\u00e1n\u00ed. V\u00edce se dozv\u00edte v \u010dl\u00e1nku na\u0161eho kolegy Josefa Vojty o filantropick\u00e9m kapitalismu pro Wealth Magaz\u00edn. &#13; Cel\u00fd \u010dl\u00e1nek zde: https:\/\/www.linkedin.com\/feed\/update\/urn:li:activity:7080089092989841408<\/p>\n","protected":false},"author":6,"featured_media":9641,"comment_status":"open","ping_status":"open","sticky":false,"template":"@@single-custom-post.php","format":"standard","meta":{"_acf_changed":false,"footnotes":""},"categories":[63],"tags":[],"class_list":["post-13205","post","type-post","status-publish","format-standard","has-post-thumbnail","hentry","category-praha-cs","investment-clanky-esg","news-rozhovory"],"acf":[],"rttpg_featured_image_url":{"full":["https:\/\/www.arete.eu\/wp-content\/uploads\/2025\/02\/josef-fin.webp",800,770,false],"landscape":["https:\/\/www.arete.eu\/wp-content\/uploads\/2025\/02\/josef-fin.webp",800,770,false],"portraits":["https:\/\/www.arete.eu\/wp-content\/uploads\/2025\/02\/josef-fin.webp",800,770,false],"thumbnail":["https:\/\/www.arete.eu\/wp-content\/uploads\/2025\/02\/josef-fin-150x150.webp",150,150,true],"medium":["https:\/\/www.arete.eu\/wp-content\/uploads\/2025\/02\/josef-fin-300x289.webp",300,289,true],"large":["https:\/\/www.arete.eu\/wp-content\/uploads\/2025\/02\/josef-fin.webp",800,770,false],"1536x1536":["https:\/\/www.arete.eu\/wp-content\/uploads\/2025\/02\/josef-fin.webp",800,770,false],"2048x2048":["https:\/\/www.arete.eu\/wp-content\/uploads\/2025\/02\/josef-fin.webp",800,770,false]},"rttpg_author":{"display_name":"newadmin","author_link":"https:\/\/www.arete.eu\/cs\/author\/newadmin\/"},"rttpg_comment":0,"rttpg_category":"<a href=\"https:\/\/www.arete.eu\/cs\/category\/praha-cs\/\" rel=\"category tag\">Praha<\/a>","rttpg_excerpt":"&#13; Filantropie a spole\u010densky odpov\u011bdn\u00e9 chov\u00e1n\u00ed jsou pro n\u00e1s v ARETE d\u016fle\u017eit\u00e9. Dlouhodob\u011b m\u00e1me pozitivn\u00ed zku\u0161enosti s investicemi mezin\u00e1rodn\u00edch nadac\u00ed do na\u0161ich fond\u016f. Jsme pot\u011b\u0161eni, \u017ee v\u00fdnosy, kter\u00fdch jsme v minulosti dos\u00e1hli, p\u0159isp\u011bly nejen k na\u0161emu \u00fasp\u011bchu, ale tak\u00e9 k zaji\u0161t\u011bn\u00ed pot\u0159ebn\u00fdch zdroj\u016f pro filantropick\u00e9 \u00fa\u010dely. &#13; Samotn\u00fd charakter dobro\u010dinnosti se v\u0161ak v posledn\u00edch letech&hellip;","_links":{"self":[{"href":"https:\/\/www.arete.eu\/cs\/wp-json\/wp\/v2\/posts\/13205","targetHints":{"allow":["GET"]}}],"collection":[{"href":"https:\/\/www.arete.eu\/cs\/wp-json\/wp\/v2\/posts"}],"about":[{"href":"https:\/\/www.arete.eu\/cs\/wp-json\/wp\/v2\/types\/post"}],"author":[{"embeddable":true,"href":"https:\/\/www.arete.eu\/cs\/wp-json\/wp\/v2\/users\/6"}],"replies":[{"embeddable":true,"href":"https:\/\/www.arete.eu\/cs\/wp-json\/wp\/v2\/comments?post=13205"}],"version-history":[{"count":1,"href":"https:\/\/www.arete.eu\/cs\/wp-json\/wp\/v2\/posts\/13205\/revisions"}],"predecessor-version":[{"id":13206,"href":"https:\/\/www.arete.eu\/cs\/wp-json\/wp\/v2\/posts\/13205\/revisions\/13206"}],"wp:featuredmedia":[{"embeddable":true,"href":"https:\/\/www.arete.eu\/cs\/wp-json\/wp\/v2\/media\/9641"}],"wp:attachment":[{"href":"https:\/\/www.arete.eu\/cs\/wp-json\/wp\/v2\/media?parent=13205"}],"wp:term":[{"taxonomy":"category","embeddable":true,"href":"https:\/\/www.arete.eu\/cs\/wp-json\/wp\/v2\/categories?post=13205"},{"taxonomy":"post_tag","embeddable":true,"href":"https:\/\/www.arete.eu\/cs\/wp-json\/wp\/v2\/tags?post=13205"}],"curies":[{"name":"wp","href":"https:\/\/api.w.org\/{rel}","templated":true}]}}