{"id":13203,"date":"2023-07-12T07:48:49","date_gmt":"2023-07-12T07:48:49","guid":{"rendered":"https:\/\/www.arete.eu\/nova-fotovoltaicka-elektrarna-pro-arete-park-valasske-mezirici\/"},"modified":"2025-02-25T12:21:10","modified_gmt":"2025-02-25T12:21:10","slug":"nova-fotovoltaicka-elektrarna-pro-arete-park-valasske-mezirici","status":"publish","type":"post","link":"https:\/\/www.arete.eu\/cs\/nova-fotovoltaicka-elektrarna-pro-arete-park-valasske-mezirici\/","title":{"rendered":"Nov\u00e1 fotovoltaick\u00e1 elektr\u00e1rna pro arete park vala\u0161sk\u00e9 mezi\u0159\u00ed\u010d\u00ed"},"content":{"rendered":"&#13;\n<p>Rozhodli jsme se d\u00e1le modernizovat are\u00e1l logistick\u00e9ho parku ve Vala\u0161sk\u00e9m Mezi\u0159\u00ed\u010d\u00ed, kter\u00fd jsme uvedli do ostr\u00e9ho provozu loni v z\u00e1\u0159\u00ed. Jedn\u00e1 se o jeden z doposud nejv\u011bt\u0161\u00edch development\u016f v r\u00e1mci fondu ARETE INDUSTRIAL. <\/p>&#13;\n<p>B\u011bhem dokon\u010den\u00e9 prvn\u00ed etapy fotovoltaick\u00e9 elektr\u00e1rny bylo nainstalov\u00e1no celkem 1102 kus\u016f nejmodern\u011bj\u0161\u00edch sol\u00e1rn\u00edch panel\u016f o celkov\u00e9m v\u00fdkonu 501 kilowatt-peak. <\/p>&#13;\n<p>Snaha o instalaci fotovoltaik na v\u0161echny technicky vyhovuj\u00edc\u00ed st\u0159echy v r\u00e1mci portfolia fondu je jedn\u00edm z enviroment\u00e1ln\u00edch c\u00edl\u016f, kter\u00e9 vypl\u00fdvaj\u00ed z p\u0159\u00edstupu ARETE k z\u00e1sad\u00e1m ESG. <\/p>&#13;\n<p style=\"text-align: center;\"><iframe title=\"Nov\u00e1 fotovoltaick\u00e1 elektr\u00e1rna pro ARETE Park Vala\u0161sk\u00e9 Mezi\u0159\u00ed\u010d\u00ed\" src=\"https:\/\/www.youtube.com\/embed\/THCyYYsneEk\" width=\"783\" height=\"442\" frameborder=\"0\" allowfullscreen=\"allowfullscreen\"><\/iframe><\/p>\n","protected":false},"excerpt":{"rendered":"<p>&#13; Rozhodli jsme se d\u00e1le modernizovat are\u00e1l logistick\u00e9ho parku ve Vala\u0161sk\u00e9m Mezi\u0159\u00ed\u010d\u00ed, kter\u00fd jsme uvedli do ostr\u00e9ho provozu loni v z\u00e1\u0159\u00ed. Jedn\u00e1 se o jeden z doposud nejv\u011bt\u0161\u00edch development\u016f v r\u00e1mci fondu ARETE INDUSTRIAL. &#13; B\u011bhem dokon\u010den\u00e9 prvn\u00ed etapy fotovoltaick\u00e9 elektr\u00e1rny bylo nainstalov\u00e1no celkem 1102 kus\u016f nejmodern\u011bj\u0161\u00edch sol\u00e1rn\u00edch panel\u016f o celkov\u00e9m v\u00fdkonu 501 kilowatt-peak. &#13; Snaha o instalaci fotovoltaik na v\u0161echny technicky vyhovuj\u00edc\u00ed st\u0159echy v r\u00e1mci portfolia fondu je jedn\u00edm z enviroment\u00e1ln\u00edch c\u00edl\u016f, kter\u00e9 vypl\u00fdvaj\u00ed z p\u0159\u00edstupu ARETE k z\u00e1sad\u00e1m ESG. &#13;<\/p>\n","protected":false},"author":6,"featured_media":9636,"comment_status":"open","ping_status":"open","sticky":false,"template":"@@single-custom-post.php","format":"standard","meta":{"_acf_changed":false,"footnotes":""},"categories":[79],"tags":[68],"class_list":["post-13203","post","type-post","status-publish","format-standard","has-post-thumbnail","hentry","category-valasske-mezirici-cs","tag-esg-strategie","investment-clanky-esg","news-novinky"],"acf":[],"rttpg_featured_image_url":{"full":["https:\/\/www.arete.eu\/wp-content\/uploads\/2025\/02\/valmez.webp",1500,735,false],"landscape":["https:\/\/www.arete.eu\/wp-content\/uploads\/2025\/02\/valmez.webp",1500,735,false],"portraits":["https:\/\/www.arete.eu\/wp-content\/uploads\/2025\/02\/valmez.webp",1500,735,false],"thumbnail":["https:\/\/www.arete.eu\/wp-content\/uploads\/2025\/02\/valmez-150x150.webp",150,150,true],"medium":["https:\/\/www.arete.eu\/wp-content\/uploads\/2025\/02\/valmez-300x147.webp",300,147,true],"large":["https:\/\/www.arete.eu\/wp-content\/uploads\/2025\/02\/valmez-1024x502.webp",800,392,true],"1536x1536":["https:\/\/www.arete.eu\/wp-content\/uploads\/2025\/02\/valmez.webp",1500,735,false],"2048x2048":["https:\/\/www.arete.eu\/wp-content\/uploads\/2025\/02\/valmez.webp",1500,735,false]},"rttpg_author":{"display_name":"newadmin","author_link":"https:\/\/www.arete.eu\/cs\/author\/newadmin\/"},"rttpg_comment":0,"rttpg_category":"<a href=\"https:\/\/www.arete.eu\/cs\/category\/valasske-mezirici-cs\/\" rel=\"category tag\">Vala\u0161sk\u00e9 Mezi\u0159\u00ed\u010d\u00ed<\/a>","rttpg_excerpt":"&#13; Rozhodli jsme se d\u00e1le modernizovat are\u00e1l logistick\u00e9ho parku ve Vala\u0161sk\u00e9m Mezi\u0159\u00ed\u010d\u00ed, kter\u00fd jsme uvedli do ostr\u00e9ho provozu loni v z\u00e1\u0159\u00ed. Jedn\u00e1 se o jeden z doposud nejv\u011bt\u0161\u00edch development\u016f v r\u00e1mci fondu ARETE INDUSTRIAL. &#13; B\u011bhem dokon\u010den\u00e9 prvn\u00ed etapy fotovoltaick\u00e9 elektr\u00e1rny bylo nainstalov\u00e1no celkem 1102 kus\u016f nejmodern\u011bj\u0161\u00edch sol\u00e1rn\u00edch panel\u016f o celkov\u00e9m v\u00fdkonu 501 kilowatt-peak. &#13;&hellip;","_links":{"self":[{"href":"https:\/\/www.arete.eu\/cs\/wp-json\/wp\/v2\/posts\/13203","targetHints":{"allow":["GET"]}}],"collection":[{"href":"https:\/\/www.arete.eu\/cs\/wp-json\/wp\/v2\/posts"}],"about":[{"href":"https:\/\/www.arete.eu\/cs\/wp-json\/wp\/v2\/types\/post"}],"author":[{"embeddable":true,"href":"https:\/\/www.arete.eu\/cs\/wp-json\/wp\/v2\/users\/6"}],"replies":[{"embeddable":true,"href":"https:\/\/www.arete.eu\/cs\/wp-json\/wp\/v2\/comments?post=13203"}],"version-history":[{"count":1,"href":"https:\/\/www.arete.eu\/cs\/wp-json\/wp\/v2\/posts\/13203\/revisions"}],"predecessor-version":[{"id":13204,"href":"https:\/\/www.arete.eu\/cs\/wp-json\/wp\/v2\/posts\/13203\/revisions\/13204"}],"wp:featuredmedia":[{"embeddable":true,"href":"https:\/\/www.arete.eu\/cs\/wp-json\/wp\/v2\/media\/9636"}],"wp:attachment":[{"href":"https:\/\/www.arete.eu\/cs\/wp-json\/wp\/v2\/media?parent=13203"}],"wp:term":[{"taxonomy":"category","embeddable":true,"href":"https:\/\/www.arete.eu\/cs\/wp-json\/wp\/v2\/categories?post=13203"},{"taxonomy":"post_tag","embeddable":true,"href":"https:\/\/www.arete.eu\/cs\/wp-json\/wp\/v2\/tags?post=13203"}],"curies":[{"name":"wp","href":"https:\/\/api.w.org\/{rel}","templated":true}]}}