{"id":13201,"date":"2023-07-19T07:43:57","date_gmt":"2023-07-19T07:43:57","guid":{"rendered":"https:\/\/www.arete.eu\/tepelna-cerpadla-v-prumyslovem-parku-arete-park-rokycany-i-doplni-solarni-panely\/"},"modified":"2025-02-25T12:17:07","modified_gmt":"2025-02-25T12:17:07","slug":"tepelna-cerpadla-v-prumyslovem-parku-arete-park-rokycany-i-doplni-solarni-panely","status":"publish","type":"post","link":"https:\/\/www.arete.eu\/cs\/tepelna-cerpadla-v-prumyslovem-parku-arete-park-rokycany-i-doplni-solarni-panely\/","title":{"rendered":"Tepeln\u00e1 \u010derpadla v pr\u016fmyslov\u00e9m parku arete park Rokycany I. dopln\u00ed sol\u00e1rn\u00ed panely"},"content":{"rendered":"&#13;\n<p>Na\u0161e nov\u00e1 hala v r\u00e1mci pr\u016fmyslov\u00e9ho parku ARETE Park Rokycany I. spl\u0148uje sv\u00fdmi modern\u00edmi technick\u00fdmi parametry po\u017eadavky n\u00e1jemc\u016f. Z\u00e1rove\u0148 se stala prvn\u00edm are\u00e1lem v r\u00e1mci portfolia fondu ARETE INDUSTRIAL, kter\u00fd je kompletn\u011b vyt\u00e1p\u011bn tepeln\u00fdmi \u010derpadly.  <\/p>&#13;\n<p>Tepeln\u00e1 \u010derpala jsme se rozhodli doplnit o nejmodern\u011bj\u0161\u00ed fotovoltaickou elektr\u00e1rnu. Na st\u0159echu are\u00e1lu bylo nainstalov\u00e1no celkem 138 nejnov\u011bj\u0161\u00edch sol\u00e1rn\u00edch panel\u016f, kter\u00e9 maj\u00ed v r\u00e1mci prvn\u00ed realizovan\u00e9 etapy v\u00fdkon necel\u00fdch 63 kilowatt-peak.  <\/p>&#13;\n<p>Fotovoltaick\u00e9 elektr\u00e1rny budeme instalovat i na dal\u0161\u00ed technicky vyhovuj\u00edc\u00ed st\u0159echy na\u0161ich budov. Je to jeden z na\u0161ich enviroment\u00e1ln\u00edch c\u00edl\u016f, kter\u00e9 jsou sou\u010d\u00e1st\u00ed p\u0159\u00edstupu ARETE k z\u00e1sad\u00e1m ESG.  <\/p>&#13;\n<p>\u00a0<\/p>&#13;\n<p><iframe title=\"Tepeln&#xE1; &#x10D;erpadla v pr&#x16F;myslov&#xE9;m parku ARETE Park Rokycany I. dopln&#xED; sol&#xE1;rn&#xED; panely\" src=\"https:\/\/www.youtube.com\/embed\/F6btHg7jfSM\" width=\"783\" height=\"442\" frameborder=\"0\" allowfullscreen=\"allowfullscreen\"><\/iframe><\/p>","protected":false},"excerpt":{"rendered":"<p>&#13; Na\u0161e nov\u00e1 hala v r\u00e1mci pr\u016fmyslov\u00e9ho parku ARETE Park Rokycany I. spl\u0148uje sv\u00fdmi modern\u00edmi technick\u00fdmi parametry po\u017eadavky n\u00e1jemc\u016f. Z\u00e1rove\u0148 se stala prvn\u00edm are\u00e1lem v r\u00e1mci portfolia fondu ARETE INDUSTRIAL, kter\u00fd je kompletn\u011b vyt\u00e1p\u011bn tepeln\u00fdmi \u010derpadly. &#13; Tepeln\u00e1 \u010derpala jsme se rozhodli doplnit o nejmodern\u011bj\u0161\u00ed fotovoltaickou elektr\u00e1rnu. Na st\u0159echu are\u00e1lu bylo nainstalov\u00e1no celkem 138 nejnov\u011bj\u0161\u00edch sol\u00e1rn\u00edch panel\u016f, kter\u00e9 maj\u00ed v r\u00e1mci prvn\u00ed realizovan\u00e9 etapy v\u00fdkon necel\u00fdch 63 kilowatt-peak. &#13; Fotovoltaick\u00e9 elektr\u00e1rny budeme instalovat i na dal\u0161\u00ed technicky vyhovuj\u00edc\u00ed st\u0159echy na\u0161ich budov. Je to jeden z na\u0161ich enviroment\u00e1ln\u00edch c\u00edl\u016f, kter\u00e9 jsou sou\u010d\u00e1st\u00ed p\u0159\u00edstupu ARETE k z\u00e1sad\u00e1m ESG. &#13; \u00a0 &#13;<\/p>\n","protected":false},"author":6,"featured_media":9625,"comment_status":"open","ping_status":"open","sticky":false,"template":"@@single-custom-post.php","format":"standard","meta":{"_acf_changed":false,"footnotes":""},"categories":[78],"tags":[68],"class_list":["post-13201","post","type-post","status-publish","format-standard","has-post-thumbnail","hentry","category-rokycany-cs","tag-esg-strategie","investment-clanky-esg","news-novinky"],"acf":[],"rttpg_featured_image_url":{"full":["https:\/\/www.arete.eu\/wp-content\/uploads\/2025\/02\/rokycany1.webp",1500,697,false],"landscape":["https:\/\/www.arete.eu\/wp-content\/uploads\/2025\/02\/rokycany1.webp",1500,697,false],"portraits":["https:\/\/www.arete.eu\/wp-content\/uploads\/2025\/02\/rokycany1.webp",1500,697,false],"thumbnail":["https:\/\/www.arete.eu\/wp-content\/uploads\/2025\/02\/rokycany1-150x150.webp",150,150,true],"medium":["https:\/\/www.arete.eu\/wp-content\/uploads\/2025\/02\/rokycany1-300x139.webp",300,139,true],"large":["https:\/\/www.arete.eu\/wp-content\/uploads\/2025\/02\/rokycany1-1024x476.webp",800,372,true],"1536x1536":["https:\/\/www.arete.eu\/wp-content\/uploads\/2025\/02\/rokycany1.webp",1500,697,false],"2048x2048":["https:\/\/www.arete.eu\/wp-content\/uploads\/2025\/02\/rokycany1.webp",1500,697,false]},"rttpg_author":{"display_name":"newadmin","author_link":"https:\/\/www.arete.eu\/cs\/author\/newadmin\/"},"rttpg_comment":0,"rttpg_category":"<a href=\"https:\/\/www.arete.eu\/cs\/category\/rokycany-cs\/\" rel=\"category tag\">Rokycany<\/a>","rttpg_excerpt":"&#13; Na\u0161e nov\u00e1 hala v r\u00e1mci pr\u016fmyslov\u00e9ho parku ARETE Park Rokycany I. spl\u0148uje sv\u00fdmi modern\u00edmi technick\u00fdmi parametry po\u017eadavky n\u00e1jemc\u016f. Z\u00e1rove\u0148 se stala prvn\u00edm are\u00e1lem v r\u00e1mci portfolia fondu ARETE INDUSTRIAL, kter\u00fd je kompletn\u011b vyt\u00e1p\u011bn tepeln\u00fdmi \u010derpadly. &#13; Tepeln\u00e1 \u010derpala jsme se rozhodli doplnit o nejmodern\u011bj\u0161\u00ed fotovoltaickou elektr\u00e1rnu. Na st\u0159echu are\u00e1lu bylo nainstalov\u00e1no celkem 138 nejnov\u011bj\u0161\u00edch&hellip;","_links":{"self":[{"href":"https:\/\/www.arete.eu\/cs\/wp-json\/wp\/v2\/posts\/13201","targetHints":{"allow":["GET"]}}],"collection":[{"href":"https:\/\/www.arete.eu\/cs\/wp-json\/wp\/v2\/posts"}],"about":[{"href":"https:\/\/www.arete.eu\/cs\/wp-json\/wp\/v2\/types\/post"}],"author":[{"embeddable":true,"href":"https:\/\/www.arete.eu\/cs\/wp-json\/wp\/v2\/users\/6"}],"replies":[{"embeddable":true,"href":"https:\/\/www.arete.eu\/cs\/wp-json\/wp\/v2\/comments?post=13201"}],"version-history":[{"count":1,"href":"https:\/\/www.arete.eu\/cs\/wp-json\/wp\/v2\/posts\/13201\/revisions"}],"predecessor-version":[{"id":13202,"href":"https:\/\/www.arete.eu\/cs\/wp-json\/wp\/v2\/posts\/13201\/revisions\/13202"}],"wp:featuredmedia":[{"embeddable":true,"href":"https:\/\/www.arete.eu\/cs\/wp-json\/wp\/v2\/media\/9625"}],"wp:attachment":[{"href":"https:\/\/www.arete.eu\/cs\/wp-json\/wp\/v2\/media?parent=13201"}],"wp:term":[{"taxonomy":"category","embeddable":true,"href":"https:\/\/www.arete.eu\/cs\/wp-json\/wp\/v2\/categories?post=13201"},{"taxonomy":"post_tag","embeddable":true,"href":"https:\/\/www.arete.eu\/cs\/wp-json\/wp\/v2\/tags?post=13201"}],"curies":[{"name":"wp","href":"https:\/\/api.w.org\/{rel}","templated":true}]}}