{"id":13197,"date":"2023-08-15T07:38:15","date_gmt":"2023-08-15T07:38:15","guid":{"rendered":"https:\/\/www.arete.eu\/dokoncili-jsme-novou-halu-v-ramci-arete-park-valasske-mezirici\/"},"modified":"2025-02-25T12:09:49","modified_gmt":"2025-02-25T12:09:49","slug":"dokoncili-jsme-novou-halu-v-ramci-arete-park-valasske-mezirici","status":"publish","type":"post","link":"https:\/\/www.arete.eu\/cs\/dokoncili-jsme-novou-halu-v-ramci-arete-park-valasske-mezirici\/","title":{"rendered":"Dokon\u010dili jsme novou halu v r\u00e1mci Arete park Vala\u0161sk\u00e9 mezi\u0159\u00ed\u010d\u00ed"},"content":{"rendered":"&#13;\n<p>Poda\u0159ilo se n\u00e1m dokon\u010dit v\u00fdstavbu nov\u00e9 etapy pr\u016fmyslov\u00e9ho parku ARETE Park Vala\u0161sk\u00e9 mezi\u0159\u00ed\u010d\u00ed. Nov\u00e1 hala poskytne n\u00e1jemci, kter\u00fdm je spole\u010dnosti DB Schenker, 10 000 metr\u016f \u010dtvere\u010dn\u00edch nov\u00fdch pr\u00e9miov\u00fdch ploch. <\/p>&#13;\n<p>D\u00edky nov\u00e9 hale se celkov\u00e1 plocha are\u00e1lu z portfolia fondu ARETE INDUSTRIAL vy\u0161plhala na 20 000 metr\u016f \u010dtvere\u010dn\u00edch. N\u00e1\u0161 park ve Vala\u0161sk\u00e9m Mezi\u0159\u00ed\u010d\u00ed disponuje modern\u00edmi sol\u00e1rn\u00edmi panely po cel\u00e9 st\u0159e\u0161e a nab\u00edje\u010dkami pro osobn\u00ed elektromobily v souladu s na\u0161imi ESG z\u00e1sadami. <\/p>&#13;\n<p>Vala\u0161sk\u00e9 Mezi\u0159\u00ed\u010d\u00ed je zaj\u00edmav\u00e1 lokalita i d\u00edky sv\u00e9 relativn\u00ed bl\u00edzkosti v\u016f\u010di Olomouci, Brnu, Ostrav\u011b a hranic\u00edm se Slovenskem. V r\u00e1mci are\u00e1lu pl\u00e1nujeme realizovat t\u0159et\u00ed etapu o celkov\u00e9 rozloze zhruba 4 500 m2. O pr\u016fb\u011bhu v\u00fdstavby v\u00e1s budeme informovat.  <\/p>","protected":false},"excerpt":{"rendered":"<p>&#13; Poda\u0159ilo se n\u00e1m dokon\u010dit v\u00fdstavbu nov\u00e9 etapy pr\u016fmyslov\u00e9ho parku ARETE Park Vala\u0161sk\u00e9 mezi\u0159\u00ed\u010d\u00ed. Nov\u00e1 hala poskytne n\u00e1jemci, kter\u00fdm je spole\u010dnosti DB Schenker, 10 000 metr\u016f \u010dtvere\u010dn\u00edch nov\u00fdch pr\u00e9miov\u00fdch ploch. &#13; D\u00edky nov\u00e9 hale se celkov\u00e1 plocha are\u00e1lu z portfolia fondu ARETE INDUSTRIAL vy\u0161plhala na 20 000 metr\u016f \u010dtvere\u010dn\u00edch. N\u00e1\u0161 park ve Vala\u0161sk\u00e9m Mezi\u0159\u00ed\u010d\u00ed disponuje modern\u00edmi sol\u00e1rn\u00edmi panely po cel\u00e9 st\u0159e\u0161e a nab\u00edje\u010dkami pro osobn\u00ed elektromobily v souladu s na\u0161imi ESG z\u00e1sadami. &#13; Vala\u0161sk\u00e9 Mezi\u0159\u00ed\u010d\u00ed je zaj\u00edmav\u00e1 lokalita i d\u00edky sv\u00e9 relativn\u00ed bl\u00edzkosti v\u016f\u010di Olomouci, Brnu, Ostrav\u011b a hranic\u00edm se Slovenskem. V r\u00e1mci are\u00e1lu pl\u00e1nujeme realizovat t\u0159et\u00ed etapu o celkov\u00e9 rozloze zhruba 4 500 m2. O pr\u016fb\u011bhu v\u00fdstavby v\u00e1s budeme informovat.<\/p>\n","protected":false},"author":6,"featured_media":9612,"comment_status":"open","ping_status":"open","sticky":false,"template":"@@single-custom-post.php","format":"standard","meta":{"_acf_changed":false,"footnotes":""},"categories":[63],"tags":[],"class_list":["post-13197","post","type-post","status-publish","format-standard","has-post-thumbnail","hentry","category-praha-cs","investment-clanky-esg","news-novinky"],"acf":[],"rttpg_featured_image_url":{"full":["https:\/\/www.arete.eu\/wp-content\/uploads\/2025\/02\/1128-nebe2.webp",2000,1125,false],"landscape":["https:\/\/www.arete.eu\/wp-content\/uploads\/2025\/02\/1128-nebe2.webp",2000,1125,false],"portraits":["https:\/\/www.arete.eu\/wp-content\/uploads\/2025\/02\/1128-nebe2.webp",2000,1125,false],"thumbnail":["https:\/\/www.arete.eu\/wp-content\/uploads\/2025\/02\/1128-nebe2-150x150.webp",150,150,true],"medium":["https:\/\/www.arete.eu\/wp-content\/uploads\/2025\/02\/1128-nebe2-300x169.webp",300,169,true],"large":["https:\/\/www.arete.eu\/wp-content\/uploads\/2025\/02\/1128-nebe2-1024x576.webp",800,450,true],"1536x1536":["https:\/\/www.arete.eu\/wp-content\/uploads\/2025\/02\/1128-nebe2-1536x864.webp",1536,864,true],"2048x2048":["https:\/\/www.arete.eu\/wp-content\/uploads\/2025\/02\/1128-nebe2.webp",2000,1125,false]},"rttpg_author":{"display_name":"newadmin","author_link":"https:\/\/www.arete.eu\/cs\/author\/newadmin\/"},"rttpg_comment":0,"rttpg_category":"<a href=\"https:\/\/www.arete.eu\/cs\/category\/praha-cs\/\" rel=\"category tag\">Praha<\/a>","rttpg_excerpt":"&#13; Poda\u0159ilo se n\u00e1m dokon\u010dit v\u00fdstavbu nov\u00e9 etapy pr\u016fmyslov\u00e9ho parku ARETE Park Vala\u0161sk\u00e9 mezi\u0159\u00ed\u010d\u00ed. Nov\u00e1 hala poskytne n\u00e1jemci, kter\u00fdm je spole\u010dnosti DB Schenker, 10 000 metr\u016f \u010dtvere\u010dn\u00edch nov\u00fdch pr\u00e9miov\u00fdch ploch. &#13; D\u00edky nov\u00e9 hale se celkov\u00e1 plocha are\u00e1lu z portfolia fondu ARETE INDUSTRIAL vy\u0161plhala na 20 000 metr\u016f \u010dtvere\u010dn\u00edch. N\u00e1\u0161 park ve Vala\u0161sk\u00e9m Mezi\u0159\u00ed\u010d\u00ed disponuje&hellip;","_links":{"self":[{"href":"https:\/\/www.arete.eu\/cs\/wp-json\/wp\/v2\/posts\/13197","targetHints":{"allow":["GET"]}}],"collection":[{"href":"https:\/\/www.arete.eu\/cs\/wp-json\/wp\/v2\/posts"}],"about":[{"href":"https:\/\/www.arete.eu\/cs\/wp-json\/wp\/v2\/types\/post"}],"author":[{"embeddable":true,"href":"https:\/\/www.arete.eu\/cs\/wp-json\/wp\/v2\/users\/6"}],"replies":[{"embeddable":true,"href":"https:\/\/www.arete.eu\/cs\/wp-json\/wp\/v2\/comments?post=13197"}],"version-history":[{"count":1,"href":"https:\/\/www.arete.eu\/cs\/wp-json\/wp\/v2\/posts\/13197\/revisions"}],"predecessor-version":[{"id":13198,"href":"https:\/\/www.arete.eu\/cs\/wp-json\/wp\/v2\/posts\/13197\/revisions\/13198"}],"wp:featuredmedia":[{"embeddable":true,"href":"https:\/\/www.arete.eu\/cs\/wp-json\/wp\/v2\/media\/9612"}],"wp:attachment":[{"href":"https:\/\/www.arete.eu\/cs\/wp-json\/wp\/v2\/media?parent=13197"}],"wp:term":[{"taxonomy":"category","embeddable":true,"href":"https:\/\/www.arete.eu\/cs\/wp-json\/wp\/v2\/categories?post=13197"},{"taxonomy":"post_tag","embeddable":true,"href":"https:\/\/www.arete.eu\/cs\/wp-json\/wp\/v2\/tags?post=13197"}],"curies":[{"name":"wp","href":"https:\/\/api.w.org\/{rel}","templated":true}]}}