{"id":13191,"date":"2023-10-12T07:29:32","date_gmt":"2023-10-12T07:29:32","guid":{"rendered":"https:\/\/www.arete.eu\/preliv-vyrobniho-a-logistickeho-kapitalu-je-velkou-prilezitosti\/"},"modified":"2025-02-25T11:53:52","modified_gmt":"2025-02-25T11:53:52","slug":"preliv-vyrobniho-a-logistickeho-kapitalu-je-velkou-prilezitosti","status":"publish","type":"post","link":"https:\/\/www.arete.eu\/cs\/preliv-vyrobniho-a-logistickeho-kapitalu-je-velkou-prilezitosti\/","title":{"rendered":"P\u0159eliv v\u00fdrobn\u00edho a logistick\u00e9ho kapit\u00e1lu je velkou p\u0159\u00edle\u017eitost\u00ed"},"content":{"rendered":"&#13;\n<p>Lubor Svoboda, jeden ze spoluzakladatel\u016f skupiny ARETE, byl hostem po\u0159adu Biznis na slovensk\u00e9m televizn\u00edm kan\u00e1le TA3.<br\/><br\/>T\u00e9matem bylo investov\u00e1n\u00ed do pr\u016fmyslov\u00fdch nemovitost\u00ed a v rozhovoru krom\u011b jin\u00e9ho zazn\u011blo:<br\/>Pro \u010cesko a Slovensko je velkou p\u0159\u00edle\u017eitost\u00ed trend p\u0159elivu v\u00fdrobn\u00edho a logistick\u00e9ho kapit\u00e1lu z Asie do Evropy. Tento pohyb m\u00e1 jednoduch\u00fd d\u016fvod, firmy si necht\u011bj\u00ed naru\u0161it sv\u00e9 dodavatelsk\u00e9 \u0159et\u011bzce. Krom\u011b toho doch\u00e1z\u00ed k p\u0159esunu v\u00fdroby a logistiky ze z\u00e1padn\u00ed do st\u0159edn\u00ed Evropy.  <br\/><br\/>Popt\u00e1vka po industri\u00e1ln\u00edch nemovitostech je v \u010cech\u00e1ch a na Slovensku st\u00e1le vysok\u00e1 a neobsazenost tohoto typu nemovitost\u00ed je extr\u00e9mn\u011b n\u00edzk\u00e1.<br\/><br\/>V ARETE investujeme do v\u00fdnosov\u00fdch pr\u016fmyslov\u00fdch a logistick\u00fdch nemovitost\u00ed v uzav\u0159en\u00e9m investi\u010dn\u00edm cyklu, a zav\u00e1d\u00edme mezin\u00e1rodn\u00ed standardy do industri\u00e1ln\u00edch nemovitost\u00ed v \u010cech\u00e1ch a na Slovensku.<br\/><br\/>Cel\u00fd rozhovor najdete zde:<br\/><a href=\"https:\/\/www.ta3.com\/relacia\/905235\/o-investovani-do-nehnutelnosti\">https:\/\/www.ta3.com\/relacia\/905235\/o-investovani-do-nehnutelnosti\n <\/a><\/p>","protected":false},"excerpt":{"rendered":"<p>&#13; Lubor Svoboda, jeden ze spoluzakladatel\u016f skupiny ARETE, byl hostem po\u0159adu Biznis na slovensk\u00e9m televizn\u00edm kan\u00e1le TA3. T\u00e9matem bylo investov\u00e1n\u00ed do pr\u016fmyslov\u00fdch nemovitost\u00ed a v rozhovoru krom\u011b jin\u00e9ho zazn\u011blo:Pro \u010cesko a Slovensko je velkou p\u0159\u00edle\u017eitost\u00ed trend p\u0159elivu v\u00fdrobn\u00edho a logistick\u00e9ho kapit\u00e1lu z Asie do Evropy. Tento pohyb m\u00e1 jednoduch\u00fd d\u016fvod, firmy si necht\u011bj\u00ed naru\u0161it sv\u00e9 dodavatelsk\u00e9 \u0159et\u011bzce. Krom\u011b toho doch\u00e1z\u00ed k p\u0159esunu v\u00fdroby a logistiky ze z\u00e1padn\u00ed do st\u0159edn\u00ed Evropy. Popt\u00e1vka po industri\u00e1ln\u00edch nemovitostech je v \u010cech\u00e1ch a na Slovensku st\u00e1le vysok\u00e1 a neobsazenost tohoto typu nemovitost\u00ed je extr\u00e9mn\u011b n\u00edzk\u00e1. V ARETE investujeme do v\u00fdnosov\u00fdch pr\u016fmyslov\u00fdch a logistick\u00fdch nemovitost\u00ed v uzav\u0159en\u00e9m investi\u010dn\u00edm cyklu, a zav\u00e1d\u00edme mezin\u00e1rodn\u00ed standardy do industri\u00e1ln\u00edch nemovitost\u00ed v \u010cech\u00e1ch a na Slovensku. Cel\u00fd rozhovor najdete zde:https:\/\/www.ta3.com\/relacia\/905235\/o-investovani-do-nehnutelnosti<\/p>\n","protected":false},"author":6,"featured_media":9597,"comment_status":"open","ping_status":"open","sticky":false,"template":"@@single-custom-post.php","format":"standard","meta":{"_acf_changed":false,"footnotes":""},"categories":[63],"tags":[],"class_list":["post-13191","post","type-post","status-publish","format-standard","has-post-thumbnail","hentry","category-praha-cs","investment-clanky-esg","news-tiskove-zpravy"],"acf":[],"rttpg_featured_image_url":{"full":["https:\/\/www.arete.eu\/wp-content\/uploads\/2025\/02\/ta3-lubor.webp",1895,1006,false],"landscape":["https:\/\/www.arete.eu\/wp-content\/uploads\/2025\/02\/ta3-lubor.webp",1895,1006,false],"portraits":["https:\/\/www.arete.eu\/wp-content\/uploads\/2025\/02\/ta3-lubor.webp",1895,1006,false],"thumbnail":["https:\/\/www.arete.eu\/wp-content\/uploads\/2025\/02\/ta3-lubor-150x150.webp",150,150,true],"medium":["https:\/\/www.arete.eu\/wp-content\/uploads\/2025\/02\/ta3-lubor-300x159.webp",300,159,true],"large":["https:\/\/www.arete.eu\/wp-content\/uploads\/2025\/02\/ta3-lubor-1024x544.webp",800,425,true],"1536x1536":["https:\/\/www.arete.eu\/wp-content\/uploads\/2025\/02\/ta3-lubor-1536x815.webp",1536,815,true],"2048x2048":["https:\/\/www.arete.eu\/wp-content\/uploads\/2025\/02\/ta3-lubor.webp",1895,1006,false]},"rttpg_author":{"display_name":"newadmin","author_link":"https:\/\/www.arete.eu\/cs\/author\/newadmin\/"},"rttpg_comment":0,"rttpg_category":"<a href=\"https:\/\/www.arete.eu\/cs\/category\/praha-cs\/\" rel=\"category tag\">Praha<\/a>","rttpg_excerpt":"&#13; Lubor Svoboda, jeden ze spoluzakladatel\u016f skupiny ARETE, byl hostem po\u0159adu Biznis na slovensk\u00e9m televizn\u00edm kan\u00e1le TA3. T\u00e9matem bylo investov\u00e1n\u00ed do pr\u016fmyslov\u00fdch nemovitost\u00ed a v rozhovoru krom\u011b jin\u00e9ho zazn\u011blo:Pro \u010cesko a Slovensko je velkou p\u0159\u00edle\u017eitost\u00ed trend p\u0159elivu v\u00fdrobn\u00edho a logistick\u00e9ho kapit\u00e1lu z Asie do Evropy. Tento pohyb m\u00e1 jednoduch\u00fd d\u016fvod, firmy si necht\u011bj\u00ed naru\u0161it sv\u00e9&hellip;","_links":{"self":[{"href":"https:\/\/www.arete.eu\/cs\/wp-json\/wp\/v2\/posts\/13191","targetHints":{"allow":["GET"]}}],"collection":[{"href":"https:\/\/www.arete.eu\/cs\/wp-json\/wp\/v2\/posts"}],"about":[{"href":"https:\/\/www.arete.eu\/cs\/wp-json\/wp\/v2\/types\/post"}],"author":[{"embeddable":true,"href":"https:\/\/www.arete.eu\/cs\/wp-json\/wp\/v2\/users\/6"}],"replies":[{"embeddable":true,"href":"https:\/\/www.arete.eu\/cs\/wp-json\/wp\/v2\/comments?post=13191"}],"version-history":[{"count":1,"href":"https:\/\/www.arete.eu\/cs\/wp-json\/wp\/v2\/posts\/13191\/revisions"}],"predecessor-version":[{"id":13192,"href":"https:\/\/www.arete.eu\/cs\/wp-json\/wp\/v2\/posts\/13191\/revisions\/13192"}],"wp:featuredmedia":[{"embeddable":true,"href":"https:\/\/www.arete.eu\/cs\/wp-json\/wp\/v2\/media\/9597"}],"wp:attachment":[{"href":"https:\/\/www.arete.eu\/cs\/wp-json\/wp\/v2\/media?parent=13191"}],"wp:term":[{"taxonomy":"category","embeddable":true,"href":"https:\/\/www.arete.eu\/cs\/wp-json\/wp\/v2\/categories?post=13191"},{"taxonomy":"post_tag","embeddable":true,"href":"https:\/\/www.arete.eu\/cs\/wp-json\/wp\/v2\/tags?post=13191"}],"curies":[{"name":"wp","href":"https:\/\/api.w.org\/{rel}","templated":true}]}}