{"id":13189,"date":"2023-10-16T07:26:05","date_gmt":"2023-10-16T07:26:05","guid":{"rendered":"https:\/\/www.arete.eu\/lubor-svoboda-jednim-z-top-investoru-ceska-podle-casopisu-forbes\/"},"modified":"2025-04-29T07:13:37","modified_gmt":"2025-04-29T07:13:37","slug":"lubor-svoboda-jednim-z-top-investoru-ceska-podle-casopisu-forbes","status":"publish","type":"post","link":"https:\/\/www.arete.eu\/cs\/lubor-svoboda-jednim-z-top-investoru-ceska-podle-casopisu-forbes\/","title":{"rendered":"Lubor Svoboda jedn\u00edm z TOP investor\u016f \u010ceska podle \u010dasopisu Forbes"},"content":{"rendered":"<p>\r\n&#13;\r\n<p>Je n\u00e1m ct\u00ed, \u017ee \u010dasopis Forbes \u010cesko ve sv\u00e9m \u010d\u00edsle zam\u011b\u0159en\u00e9m na investice vybral Lubor Svoboda, spoluzakladatele skupiny ARETE, mezi deset Midas\u016f \u010ceska, tedy do v\u00fdb\u011bru TOP investor\u016f \u010ceska za rok 2023.<br\/><br\/>Forbes vyb\u00edral z inspirativn\u00edch osobnost\u00ed, kter\u00e9 stoj\u00ed za pozornost podle schopnosti zhodnotit kapit\u00e1l.<br\/><br\/>V doprovodn\u00e9m textu \u010dasopis popsal a ocenil opakovan\u00e9 uzav\u0159en\u00ed a v\u00fdplatu nadstandardn\u00edch v\u00fdnos\u016f investor\u016fm z fond\u016f v uzav\u0159en\u00e9m cyklu. Zm\u00ednil t\u00e9\u017e v\u00fdnosovou investi\u010dn\u00ed strategii a stabilitu aktu\u00e1ln\u011b otev\u0159en\u00e9ho fondu kvalifikovan\u00fdch investor\u016f ARETE INDUSTRIAL, spravuj\u00edc\u00edho v\u00edce ne\u017e des\u00edtku pr\u016fmyslov\u00fdch a logistick\u00fdch park\u016f v \u010cesku a na Slovensku.  <br\/><br\/>V\u00fdb\u011br mezi deset TOP investor\u016f \u010ceska si v\u00e1\u017e\u00edme a pokl\u00e1d\u00e1me je za potvrzen\u00ed toho, \u017ee ARETE jde spr\u00e1vnou cestou, a jeho unik\u00e1tn\u00ed strategie uzav\u0159en\u00e9ho investi\u010dn\u00edho cyklu do v\u00fdnosov\u00fdch pr\u016fmyslov\u00fdch a logistick\u00fdch park\u016f stoj\u00ed za pozornost. <\/p>&#13;\r\n","protected":false},"excerpt":{"rendered":"<p>&#13; Je n\u00e1m ct\u00ed, \u017ee \u010dasopis Forbes \u010cesko ve sv\u00e9m \u010d\u00edsle zam\u011b\u0159en\u00e9m na investice vybral Lubor Svoboda, spoluzakladatele skupiny ARETE, mezi deset Midas\u016f \u010ceska, tedy do v\u00fdb\u011bru TOP investor\u016f \u010ceska za rok 2023. Forbes vyb\u00edral z inspirativn\u00edch osobnost\u00ed, kter\u00e9 stoj\u00ed za pozornost podle schopnosti zhodnotit kapit\u00e1l. V doprovodn\u00e9m textu \u010dasopis popsal a ocenil opakovan\u00e9 uzav\u0159en\u00ed a v\u00fdplatu nadstandardn\u00edch v\u00fdnos\u016f investor\u016fm z fond\u016f v uzav\u0159en\u00e9m cyklu. Zm\u00ednil t\u00e9\u017e v\u00fdnosovou investi\u010dn\u00ed strategii a stabilitu aktu\u00e1ln\u011b otev\u0159en\u00e9ho fondu kvalifikovan\u00fdch investor\u016f ARETE INDUSTRIAL, spravuj\u00edc\u00edho v\u00edce ne\u017e des\u00edtku pr\u016fmyslov\u00fdch a logistick\u00fdch park\u016f v \u010cesku a na Slovensku. V\u00fdb\u011br mezi deset TOP investor\u016f \u010ceska si v\u00e1\u017e\u00edme a pokl\u00e1d\u00e1me je za potvrzen\u00ed toho, \u017ee ARETE jde spr\u00e1vnou cestou, a jeho unik\u00e1tn\u00ed strategie uzav\u0159en\u00e9ho investi\u010dn\u00edho cyklu do v\u00fdnosov\u00fdch pr\u016fmyslov\u00fdch a logistick\u00fdch park\u016f stoj\u00ed za pozornost. &#13;<\/p>\n","protected":false},"author":6,"featured_media":9590,"comment_status":"open","ping_status":"open","sticky":false,"template":"@@single-custom-post.php","format":"standard","meta":{"_acf_changed":false,"footnotes":""},"categories":[63],"tags":[],"class_list":["post-13189","post","type-post","status-publish","format-standard","has-post-thumbnail","hentry","category-praha-cs","investment-clanky-esg","news-casopisy","news-rozhovory"],"acf":[],"rttpg_featured_image_url":{"full":["https:\/\/www.arete.eu\/wp-content\/uploads\/2025\/02\/nos6484-fin.webp",667,1000,false],"landscape":["https:\/\/www.arete.eu\/wp-content\/uploads\/2025\/02\/nos6484-fin.webp",667,1000,false],"portraits":["https:\/\/www.arete.eu\/wp-content\/uploads\/2025\/02\/nos6484-fin.webp",667,1000,false],"thumbnail":["https:\/\/www.arete.eu\/wp-content\/uploads\/2025\/02\/nos6484-fin-150x150.webp",150,150,true],"medium":["https:\/\/www.arete.eu\/wp-content\/uploads\/2025\/02\/nos6484-fin-200x300.webp",200,300,true],"large":["https:\/\/www.arete.eu\/wp-content\/uploads\/2025\/02\/nos6484-fin.webp",667,1000,false],"1536x1536":["https:\/\/www.arete.eu\/wp-content\/uploads\/2025\/02\/nos6484-fin.webp",667,1000,false],"2048x2048":["https:\/\/www.arete.eu\/wp-content\/uploads\/2025\/02\/nos6484-fin.webp",667,1000,false]},"rttpg_author":{"display_name":"newadmin","author_link":"https:\/\/www.arete.eu\/cs\/author\/newadmin\/"},"rttpg_comment":0,"rttpg_category":"<a href=\"https:\/\/www.arete.eu\/cs\/category\/praha-cs\/\" rel=\"category tag\">Praha<\/a>","rttpg_excerpt":"&#13; Je n\u00e1m ct\u00ed, \u017ee \u010dasopis Forbes \u010cesko ve sv\u00e9m \u010d\u00edsle zam\u011b\u0159en\u00e9m na investice vybral Lubor Svoboda, spoluzakladatele skupiny ARETE, mezi deset Midas\u016f \u010ceska, tedy do v\u00fdb\u011bru TOP investor\u016f \u010ceska za rok 2023. Forbes vyb\u00edral z inspirativn\u00edch osobnost\u00ed, kter\u00e9 stoj\u00ed za pozornost podle schopnosti zhodnotit kapit\u00e1l. V doprovodn\u00e9m textu \u010dasopis popsal a ocenil opakovan\u00e9 uzav\u0159en\u00ed&hellip;","_links":{"self":[{"href":"https:\/\/www.arete.eu\/cs\/wp-json\/wp\/v2\/posts\/13189","targetHints":{"allow":["GET"]}}],"collection":[{"href":"https:\/\/www.arete.eu\/cs\/wp-json\/wp\/v2\/posts"}],"about":[{"href":"https:\/\/www.arete.eu\/cs\/wp-json\/wp\/v2\/types\/post"}],"author":[{"embeddable":true,"href":"https:\/\/www.arete.eu\/cs\/wp-json\/wp\/v2\/users\/6"}],"replies":[{"embeddable":true,"href":"https:\/\/www.arete.eu\/cs\/wp-json\/wp\/v2\/comments?post=13189"}],"version-history":[{"count":6,"href":"https:\/\/www.arete.eu\/cs\/wp-json\/wp\/v2\/posts\/13189\/revisions"}],"predecessor-version":[{"id":16427,"href":"https:\/\/www.arete.eu\/cs\/wp-json\/wp\/v2\/posts\/13189\/revisions\/16427"}],"wp:featuredmedia":[{"embeddable":true,"href":"https:\/\/www.arete.eu\/cs\/wp-json\/wp\/v2\/media\/9590"}],"wp:attachment":[{"href":"https:\/\/www.arete.eu\/cs\/wp-json\/wp\/v2\/media?parent=13189"}],"wp:term":[{"taxonomy":"category","embeddable":true,"href":"https:\/\/www.arete.eu\/cs\/wp-json\/wp\/v2\/categories?post=13189"},{"taxonomy":"post_tag","embeddable":true,"href":"https:\/\/www.arete.eu\/cs\/wp-json\/wp\/v2\/tags?post=13189"}],"curies":[{"name":"wp","href":"https:\/\/api.w.org\/{rel}","templated":true}]}}