{"id":13178,"date":"2023-12-01T06:46:25","date_gmt":"2023-12-01T06:46:25","guid":{"rendered":"https:\/\/www.arete.eu\/predali-jsme-najemci-nove-vyrobni-a-skladovaci-prostory-v-komplexu-arete-park-plzen\/"},"modified":"2025-02-25T11:28:52","modified_gmt":"2025-02-25T11:28:52","slug":"predali-jsme-najemci-nove-vyrobni-a-skladovaci-prostory-v-komplexu-arete-park-plzen","status":"publish","type":"post","link":"https:\/\/www.arete.eu\/cs\/predali-jsme-najemci-nove-vyrobni-a-skladovaci-prostory-v-komplexu-arete-park-plzen\/","title":{"rendered":"P\u0159edali jsme n\u00e1jemci nov\u00e9 v\u00fdrobn\u00ed a skladovac\u00ed prostory v komplexu ARETE Park Plze\u0148"},"content":{"rendered":"<p>\n&#13;\n<p>Francouzsk\u00e1 firma Oxymetal, kter\u00e1 se se specializuje na zpracov\u00e1n\u00ed kov\u016f a v\u00fdrobu kovov\u00fdch sou\u010d\u00e1st\u00ed pro r\u016fzn\u00e1 odv\u011btv\u00ed, v\u010detn\u011b automobilov\u00e9ho pr\u016fmyslu, energetiky a stavebnictv\u00ed, se p\u0159ed n\u011bkolika dny stala dlouhodob\u00fdm n\u00e1jemcem komplexu ARETE Park Plze\u0148, Borsk\u00e1 Pole, kdy\u017e p\u0159evzala novou pr\u016fmyslovou halu.<br\/><br\/>Dokon\u010den\u00edm tohoto developmentu se zvy\u0161uje celkov\u00e1 pronaj\u00edmateln\u00e1 plocha fondu ARETE INDUSTRIAL o 4 % na celkov\u00fdch 140.487 m2. Z\u00e1rove\u0148 t\u00edm doch\u00e1z\u00ed ke zv\u00fd\u0161en\u00ed pod\u00edlu v\u00fdroby na 14 % z celkov\u00e9ho portfolia, expozice asset\u016f fond\u016f v \u010cesk\u00e9 republice nar\u016fst\u00e1 na celkov\u00fdch 49 %. Nov\u00fd are\u00e1l k prosinci leto\u0161n\u00edho roku nav\u00fd\u0161il i WAULT portfolia (pr\u016fm\u011brnou dobu do konce platnosti n\u00e1jemn\u00edch smluv) kter\u00fd je nyn\u00ed p\u0159es 7 let.  <br\/><br\/>Projekt pr\u016fmyslov\u00e9ho parku v\u00a0Plzni je v\u00fdjime\u010dn\u00fd i t\u00edm, \u017ee se jedn\u00e1 o prvn\u00ed celkovou modernizaci brownfieldu. Do\u0161lo ke kompletn\u00ed revitalizaci b\u00fdval\u00e9ho masokombin\u00e1tu, kter\u00fd se prom\u011bnil v modern\u00ed are\u00e1l poskytuj\u00edc\u00ed nejen v\u00fdrobn\u00ed, ale i skladov\u00e9 a prodejn\u00ed plochy pro n\u011bkolik bonitn\u00edch n\u00e1jemc\u016f. <\/p>","protected":false},"excerpt":{"rendered":"<p>&#13; Francouzsk\u00e1 firma Oxymetal, kter\u00e1 se se specializuje na zpracov\u00e1n\u00ed kov\u016f a v\u00fdrobu kovov\u00fdch sou\u010d\u00e1st\u00ed pro r\u016fzn\u00e1 odv\u011btv\u00ed, v\u010detn\u011b automobilov\u00e9ho pr\u016fmyslu, energetiky a stavebnictv\u00ed, se p\u0159ed n\u011bkolika dny stala dlouhodob\u00fdm n\u00e1jemcem komplexu ARETE Park Plze\u0148, Borsk\u00e1 Pole, kdy\u017e p\u0159evzala novou pr\u016fmyslovou halu. Dokon\u010den\u00edm tohoto developmentu se zvy\u0161uje celkov\u00e1 pronaj\u00edmateln\u00e1 plocha fondu ARETE INDUSTRIAL o 4 % na celkov\u00fdch 140.487 m2. Z\u00e1rove\u0148 t\u00edm doch\u00e1z\u00ed ke zv\u00fd\u0161en\u00ed pod\u00edlu v\u00fdroby na 14 % z celkov\u00e9ho portfolia, expozice asset\u016f fond\u016f v \u010cesk\u00e9 republice nar\u016fst\u00e1 na celkov\u00fdch 49 %. Nov\u00fd are\u00e1l k prosinci leto\u0161n\u00edho roku nav\u00fd\u0161il i WAULT portfolia (pr\u016fm\u011brnou dobu do konce platnosti n\u00e1jemn\u00edch smluv) kter\u00fd je nyn\u00ed p\u0159es 7 let. Projekt pr\u016fmyslov\u00e9ho parku v\u00a0Plzni je v\u00fdjime\u010dn\u00fd i t\u00edm, \u017ee se jedn\u00e1 o prvn\u00ed celkovou modernizaci brownfieldu. Do\u0161lo ke kompletn\u00ed revitalizaci b\u00fdval\u00e9ho masokombin\u00e1tu, kter\u00fd se prom\u011bnil v modern\u00ed are\u00e1l poskytuj\u00edc\u00ed nejen v\u00fdrobn\u00ed, ale i skladov\u00e9 a prodejn\u00ed plochy pro n\u011bkolik bonitn\u00edch n\u00e1jemc\u016f.<\/p>\n","protected":false},"author":6,"featured_media":9547,"comment_status":"open","ping_status":"open","sticky":false,"template":"@@single-custom-post.php","format":"standard","meta":{"_acf_changed":false,"footnotes":""},"categories":[63],"tags":[],"class_list":["post-13178","post","type-post","status-publish","format-standard","has-post-thumbnail","hentry","category-praha-cs","investment-clanky-esg","news-tiskove-zpravy"],"acf":[],"rttpg_featured_image_url":{"full":["https:\/\/www.arete.eu\/wp-content\/uploads\/2023\/12\/arete-park-plzen-01-sky-2.jpg",2400,1500,false],"landscape":["https:\/\/www.arete.eu\/wp-content\/uploads\/2023\/12\/arete-park-plzen-01-sky-2.jpg",2400,1500,false],"portraits":["https:\/\/www.arete.eu\/wp-content\/uploads\/2023\/12\/arete-park-plzen-01-sky-2.jpg",2400,1500,false],"thumbnail":["https:\/\/www.arete.eu\/wp-content\/uploads\/2023\/12\/arete-park-plzen-01-sky-2-150x150.jpg",150,150,true],"medium":["https:\/\/www.arete.eu\/wp-content\/uploads\/2023\/12\/arete-park-plzen-01-sky-2-300x188.jpg",300,188,true],"large":["https:\/\/www.arete.eu\/wp-content\/uploads\/2023\/12\/arete-park-plzen-01-sky-2-1024x640.jpg",800,500,true],"1536x1536":["https:\/\/www.arete.eu\/wp-content\/uploads\/2023\/12\/arete-park-plzen-01-sky-2-1536x960.jpg",1536,960,true],"2048x2048":["https:\/\/www.arete.eu\/wp-content\/uploads\/2023\/12\/arete-park-plzen-01-sky-2-2048x1280.jpg",2048,1280,true]},"rttpg_author":{"display_name":"newadmin","author_link":"https:\/\/www.arete.eu\/cs\/author\/newadmin\/"},"rttpg_comment":0,"rttpg_category":"<a href=\"https:\/\/www.arete.eu\/cs\/category\/praha-cs\/\" rel=\"category tag\">Praha<\/a>","rttpg_excerpt":"&#13; Francouzsk\u00e1 firma Oxymetal, kter\u00e1 se se specializuje na zpracov\u00e1n\u00ed kov\u016f a v\u00fdrobu kovov\u00fdch sou\u010d\u00e1st\u00ed pro r\u016fzn\u00e1 odv\u011btv\u00ed, v\u010detn\u011b automobilov\u00e9ho pr\u016fmyslu, energetiky a stavebnictv\u00ed, se p\u0159ed n\u011bkolika dny stala dlouhodob\u00fdm n\u00e1jemcem komplexu ARETE Park Plze\u0148, Borsk\u00e1 Pole, kdy\u017e p\u0159evzala novou pr\u016fmyslovou halu. Dokon\u010den\u00edm tohoto developmentu se zvy\u0161uje celkov\u00e1 pronaj\u00edmateln\u00e1 plocha fondu ARETE INDUSTRIAL o 4&hellip;","_links":{"self":[{"href":"https:\/\/www.arete.eu\/cs\/wp-json\/wp\/v2\/posts\/13178","targetHints":{"allow":["GET"]}}],"collection":[{"href":"https:\/\/www.arete.eu\/cs\/wp-json\/wp\/v2\/posts"}],"about":[{"href":"https:\/\/www.arete.eu\/cs\/wp-json\/wp\/v2\/types\/post"}],"author":[{"embeddable":true,"href":"https:\/\/www.arete.eu\/cs\/wp-json\/wp\/v2\/users\/6"}],"replies":[{"embeddable":true,"href":"https:\/\/www.arete.eu\/cs\/wp-json\/wp\/v2\/comments?post=13178"}],"version-history":[{"count":1,"href":"https:\/\/www.arete.eu\/cs\/wp-json\/wp\/v2\/posts\/13178\/revisions"}],"predecessor-version":[{"id":13179,"href":"https:\/\/www.arete.eu\/cs\/wp-json\/wp\/v2\/posts\/13178\/revisions\/13179"}],"wp:featuredmedia":[{"embeddable":true,"href":"https:\/\/www.arete.eu\/cs\/wp-json\/wp\/v2\/media\/9547"}],"wp:attachment":[{"href":"https:\/\/www.arete.eu\/cs\/wp-json\/wp\/v2\/media?parent=13178"}],"wp:term":[{"taxonomy":"category","embeddable":true,"href":"https:\/\/www.arete.eu\/cs\/wp-json\/wp\/v2\/categories?post=13178"},{"taxonomy":"post_tag","embeddable":true,"href":"https:\/\/www.arete.eu\/cs\/wp-json\/wp\/v2\/tags?post=13178"}],"curies":[{"name":"wp","href":"https:\/\/api.w.org\/{rel}","templated":true}]}}