{"id":13172,"date":"2023-12-15T06:34:34","date_gmt":"2023-12-15T06:34:34","guid":{"rendered":"https:\/\/www.arete.eu\/investovani-do-komercnich-nemovitosti\/"},"modified":"2025-02-25T11:00:24","modified_gmt":"2025-02-25T11:00:24","slug":"investovani-do-komercnich-nemovitosti","status":"publish","type":"post","link":"https:\/\/www.arete.eu\/cs\/investovani-do-komercnich-nemovitosti\/","title":{"rendered":"Investov\u00e1n\u00ed do komer\u010dn\u00edch nemovitost\u00ed"},"content":{"rendered":"&#13;\n<p>Robert Ides, spoluzakladatel nemovitostn\u00ed a investi\u010dn\u00ed skupiny ARETE, byl hostem po\u0159adu Investujeme slovensk\u00e9ho byznysov\u00e9ho kan\u00e1lu TA3.<\/p>&#13;\n<p>Moder\u00e1torka Lenka Buchl\u00e1kov\u00e1 s Robertem v odleh\u010den\u00e9m stylu probrala aktu\u00e1ln\u00ed t\u00e9mata od zm\u011bny ratingu Slovenska po odhad v\u00fdvoje realitn\u00edho trhu na p\u0159\u00ed\u0161t\u00ed rok. Jednou z ot\u00e1zek, kter\u00e9 se dotkli byla i ta, zda je nyn\u00ed lep\u0161\u00ed akcie prodat, nebo je naopak je\u0161t\u011b v\u00edce nakupovat. <\/p>&#13;\n<p>\u201eV dne\u0161n\u00ed dob\u011b je pot\u0159eba v\u011bd\u011bt, jak\u00e1 jsou podkladov\u00e1 aktiva, zadlu\u017eenost a nau\u010dit se \u010d\u00edst v\u00fdro\u010dn\u00ed zpr\u00e1vy,\u201c dod\u00e1v\u00e1 v interview Robert.<\/p>&#13;\n<p>Cel\u00fd rozhovor s Robertem n<a href=\"https:\/\/www.ta3.com\/relacia\/915228\/investovanie-do-komercnych-nehnutelnosti\"><strong>ajdete zde<\/strong><\/a>.<\/p>&#13;\n&#13;\n<p>\u00a0<\/p>&#13;\n&#13;\n<p>\u00a0<\/p>&#13;\n&#13;\n<p>\u00a0<\/p>&#13;\n","protected":false},"excerpt":{"rendered":"<p>&#13; Robert Ides, spoluzakladatel nemovitostn\u00ed a investi\u010dn\u00ed skupiny ARETE, byl hostem po\u0159adu Investujeme slovensk\u00e9ho byznysov\u00e9ho kan\u00e1lu TA3. &#13; Moder\u00e1torka Lenka Buchl\u00e1kov\u00e1 s Robertem v odleh\u010den\u00e9m stylu probrala aktu\u00e1ln\u00ed t\u00e9mata od zm\u011bny ratingu Slovenska po odhad v\u00fdvoje realitn\u00edho trhu na p\u0159\u00ed\u0161t\u00ed rok. Jednou z ot\u00e1zek, kter\u00e9 se dotkli byla i ta, zda je nyn\u00ed lep\u0161\u00ed akcie prodat, nebo je naopak je\u0161t\u011b v\u00edce nakupovat. &#13; \u201eV dne\u0161n\u00ed dob\u011b je pot\u0159eba v\u011bd\u011bt, jak\u00e1 jsou podkladov\u00e1 aktiva, zadlu\u017eenost a nau\u010dit se \u010d\u00edst v\u00fdro\u010dn\u00ed zpr\u00e1vy,\u201c dod\u00e1v\u00e1 v interview Robert. &#13; Cel\u00fd rozhovor s Robertem najdete zde. &#13; &#13; \u00a0 &#13; &#13; \u00a0 &#13; &#13; \u00a0 &#13;<\/p>\n","protected":false},"author":6,"featured_media":9512,"comment_status":"open","ping_status":"open","sticky":false,"template":"@@single-custom-post.php","format":"standard","meta":{"_acf_changed":false,"footnotes":""},"categories":[63],"tags":[],"class_list":["post-13172","post","type-post","status-publish","format-standard","has-post-thumbnail","hentry","category-praha-cs","investment-clanky-esg","news-tiskove-zpravy"],"acf":[],"rttpg_featured_image_url":{"full":["https:\/\/www.arete.eu\/wp-content\/uploads\/2025\/02\/robert-investujeme-1.webp",1898,1045,false],"landscape":["https:\/\/www.arete.eu\/wp-content\/uploads\/2025\/02\/robert-investujeme-1.webp",1898,1045,false],"portraits":["https:\/\/www.arete.eu\/wp-content\/uploads\/2025\/02\/robert-investujeme-1.webp",1898,1045,false],"thumbnail":["https:\/\/www.arete.eu\/wp-content\/uploads\/2025\/02\/robert-investujeme-1-150x150.webp",150,150,true],"medium":["https:\/\/www.arete.eu\/wp-content\/uploads\/2025\/02\/robert-investujeme-1-300x165.webp",300,165,true],"large":["https:\/\/www.arete.eu\/wp-content\/uploads\/2025\/02\/robert-investujeme-1-1024x564.webp",800,441,true],"1536x1536":["https:\/\/www.arete.eu\/wp-content\/uploads\/2025\/02\/robert-investujeme-1-1536x846.webp",1536,846,true],"2048x2048":["https:\/\/www.arete.eu\/wp-content\/uploads\/2025\/02\/robert-investujeme-1.webp",1898,1045,false]},"rttpg_author":{"display_name":"newadmin","author_link":"https:\/\/www.arete.eu\/cs\/author\/newadmin\/"},"rttpg_comment":0,"rttpg_category":"<a href=\"https:\/\/www.arete.eu\/cs\/category\/praha-cs\/\" rel=\"category tag\">Praha<\/a>","rttpg_excerpt":"&#13; Robert Ides, spoluzakladatel nemovitostn\u00ed a investi\u010dn\u00ed skupiny ARETE, byl hostem po\u0159adu Investujeme slovensk\u00e9ho byznysov\u00e9ho kan\u00e1lu TA3. &#13; Moder\u00e1torka Lenka Buchl\u00e1kov\u00e1 s Robertem v odleh\u010den\u00e9m stylu probrala aktu\u00e1ln\u00ed t\u00e9mata od zm\u011bny ratingu Slovenska po odhad v\u00fdvoje realitn\u00edho trhu na p\u0159\u00ed\u0161t\u00ed rok. Jednou z ot\u00e1zek, kter\u00e9 se dotkli byla i ta, zda je nyn\u00ed lep\u0161\u00ed akcie&hellip;","_links":{"self":[{"href":"https:\/\/www.arete.eu\/cs\/wp-json\/wp\/v2\/posts\/13172","targetHints":{"allow":["GET"]}}],"collection":[{"href":"https:\/\/www.arete.eu\/cs\/wp-json\/wp\/v2\/posts"}],"about":[{"href":"https:\/\/www.arete.eu\/cs\/wp-json\/wp\/v2\/types\/post"}],"author":[{"embeddable":true,"href":"https:\/\/www.arete.eu\/cs\/wp-json\/wp\/v2\/users\/6"}],"replies":[{"embeddable":true,"href":"https:\/\/www.arete.eu\/cs\/wp-json\/wp\/v2\/comments?post=13172"}],"version-history":[{"count":1,"href":"https:\/\/www.arete.eu\/cs\/wp-json\/wp\/v2\/posts\/13172\/revisions"}],"predecessor-version":[{"id":13173,"href":"https:\/\/www.arete.eu\/cs\/wp-json\/wp\/v2\/posts\/13172\/revisions\/13173"}],"wp:featuredmedia":[{"embeddable":true,"href":"https:\/\/www.arete.eu\/cs\/wp-json\/wp\/v2\/media\/9512"}],"wp:attachment":[{"href":"https:\/\/www.arete.eu\/cs\/wp-json\/wp\/v2\/media?parent=13172"}],"wp:term":[{"taxonomy":"category","embeddable":true,"href":"https:\/\/www.arete.eu\/cs\/wp-json\/wp\/v2\/categories?post=13172"},{"taxonomy":"post_tag","embeddable":true,"href":"https:\/\/www.arete.eu\/cs\/wp-json\/wp\/v2\/tags?post=13172"}],"curies":[{"name":"wp","href":"https:\/\/api.w.org\/{rel}","templated":true}]}}