{"id":13170,"date":"2023-12-21T06:31:18","date_gmt":"2023-12-21T06:31:18","guid":{"rendered":"https:\/\/www.arete.eu\/dokoncili-jsme-vystavbu-arealu-arete-park-rokycany-ii\/"},"modified":"2025-02-25T10:37:18","modified_gmt":"2025-02-25T10:37:18","slug":"dokoncili-jsme-vystavbu-arealu-arete-park-rokycany-ii","status":"publish","type":"post","link":"https:\/\/www.arete.eu\/cs\/dokoncili-jsme-vystavbu-arealu-arete-park-rokycany-ii\/","title":{"rendered":"DOKON\u010cILI JSME V\u00ddSTAVBU ARE\u00c1LU ARETE PARK ROKYCANY II"},"content":{"rendered":"&#13;\n<p>N\u011bmeck\u00e1 logistick\u00e1 spole\u010dnost Thomas Duvenbeck Immobilien, kter\u00e1 je sou\u010d\u00e1st\u00ed britsk\u00e9 investi\u010dn\u00ed skupiny Waterland, p\u0159evzala p\u0159ed n\u011bkolika dny k u\u017e\u00edv\u00e1n\u00ed logistick\u00fd are\u00e1l ARETE Park Rokycany II.<\/p>&#13;\n<p>\u00a0<\/p>&#13;\n<p>Are\u00e1l t\u00edmto zvy\u0161uje celkovou stoj\u00edc\u00ed pronaj\u00edmatelnou plochu fondu ARETE INDUSTRIAL o 21 % na celkov\u00fdch 170,354 m2.<\/p>&#13;\n<p>\u00a0<\/p>&#13;\n<p>Z\u00e1rove\u0148 t\u00edmto krokem doch\u00e1z\u00ed ke zv\u00fd\u0161en\u00ed pod\u00edlu logistiky podle plochy na 54 % u stoj\u00edc\u00edch park\u016f z\u00a0celkov\u00e9ho portfolia. Celkov\u00e1 expozice portfolia v\u00a0\u010cesk\u00e9 republice narostla o 16 % na celkov\u00fdch 62 %. V\u00fdjime\u010dn\u011b dlouh\u00e1 n\u00e1jemn\u00ed smlouva zlep\u0161uje celkov\u00fd profil fondu a nov\u00fd are\u00e1l s\u00e1m o sob\u011b k\u00a0prosinci leto\u0161n\u00edho roku zv\u00fd\u0161\u00ed v\u00fdrazn\u011b i WAULT portfolia na p\u0159ibli\u017en\u011b 9 let.  <\/p>&#13;\n<p>\u00a0<\/p>&#13;\n<p>TDokon\u010den\u00e1 modern\u00ed logistick\u00e1 hala pln\u00ed nejnov\u011bj\u0161\u00ed technologick\u00e9 a enviroment\u00e1ln\u00ed standardy, v\u010detn\u011b certifikace BREEAM, jej\u00ed\u017e ratifikace prob\u00edh\u00e1.<\/p>&#13;\n<p>\u00a0<\/p>&#13;\n<p>N\u00e1jemce bude pou\u017e\u00edvat halu pro logistick\u00e9 \u00fa\u010dely a st\u00e1v\u00e1 se nejv\u011bt\u0161\u00edm konsolida\u010dn\u00edm centrem spole\u010dnosti v\u00a0Evrop\u011b. Z\u00e1rove\u0148 je ARETE Park Rokycany II nejmodern\u011bj\u0161\u00edm are\u00e1lem v portfoliu spole\u010dnosti, kter\u00e1 je bonitn\u00edm mezin\u00e1rodn\u00edm n\u00e1jemcem s\u00a0ratingem A, a bude jedin\u00fdm n\u00e1jemcem are\u00e1lu. Z\u00e1rove\u0148 je spole\u010dnost Duvenbeck jednou ze strategick\u00fdch investic skupiny Waterland.   <\/p>&#13;\n&#13;\n<p>\u00a0<\/p>&#13;\n&#13;\n<p>\u00a0<\/p>&#13;\n&#13;\n<p>\u00a0<\/p>&#13;\n&#13;\n<p>\u00a0<\/p>&#13;\n","protected":false},"excerpt":{"rendered":"<p>&#13; N\u011bmeck\u00e1 logistick\u00e1 spole\u010dnost Thomas Duvenbeck Immobilien, kter\u00e1 je sou\u010d\u00e1st\u00ed britsk\u00e9 investi\u010dn\u00ed skupiny Waterland, p\u0159evzala p\u0159ed n\u011bkolika dny k u\u017e\u00edv\u00e1n\u00ed logistick\u00fd are\u00e1l ARETE Park Rokycany II. &#13; \u00a0 &#13; Are\u00e1l t\u00edmto zvy\u0161uje celkovou stoj\u00edc\u00ed pronaj\u00edmatelnou plochu fondu ARETE INDUSTRIAL o 21 % na celkov\u00fdch 170,354 m2. &#13; \u00a0 &#13; Z\u00e1rove\u0148 t\u00edmto krokem doch\u00e1z\u00ed ke zv\u00fd\u0161en\u00ed pod\u00edlu logistiky podle plochy na 54 % u stoj\u00edc\u00edch park\u016f z\u00a0celkov\u00e9ho portfolia. Celkov\u00e1 expozice portfolia v\u00a0\u010cesk\u00e9 republice narostla o 16 % na celkov\u00fdch 62 %. V\u00fdjime\u010dn\u011b dlouh\u00e1 n\u00e1jemn\u00ed smlouva zlep\u0161uje celkov\u00fd profil fondu a nov\u00fd are\u00e1l s\u00e1m o sob\u011b k\u00a0prosinci leto\u0161n\u00edho roku zv\u00fd\u0161\u00ed v\u00fdrazn\u011b i WAULT portfolia na p\u0159ibli\u017en\u011b 9 let. &#13; \u00a0 &#13; TDokon\u010den\u00e1 modern\u00ed logistick\u00e1 hala pln\u00ed nejnov\u011bj\u0161\u00ed technologick\u00e9 a enviroment\u00e1ln\u00ed standardy, v\u010detn\u011b certifikace BREEAM, jej\u00ed\u017e ratifikace prob\u00edh\u00e1. &#13; \u00a0 &#13; N\u00e1jemce bude pou\u017e\u00edvat halu pro logistick\u00e9 \u00fa\u010dely a st\u00e1v\u00e1 se nejv\u011bt\u0161\u00edm konsolida\u010dn\u00edm centrem spole\u010dnosti v\u00a0Evrop\u011b. Z\u00e1rove\u0148 je ARETE Park Rokycany II nejmodern\u011bj\u0161\u00edm are\u00e1lem v portfoliu spole\u010dnosti, kter\u00e1 je bonitn\u00edm mezin\u00e1rodn\u00edm n\u00e1jemcem s\u00a0ratingem A, a bude jedin\u00fdm n\u00e1jemcem are\u00e1lu. Z\u00e1rove\u0148 je spole\u010dnost Duvenbeck jednou ze strategick\u00fdch investic skupiny Waterland. &#13; &#13; \u00a0 &#13; &#13; \u00a0 &#13; &#13; \u00a0 &#13; &#13; \u00a0 &#13;<\/p>\n","protected":false},"author":6,"featured_media":9501,"comment_status":"open","ping_status":"open","sticky":false,"template":"@@single-custom-post.php","format":"standard","meta":{"_acf_changed":false,"footnotes":""},"categories":[63],"tags":[],"class_list":["post-13170","post","type-post","status-publish","format-standard","has-post-thumbnail","hentry","category-praha-cs","investment-clanky-esg","news-novinky"],"acf":[],"rttpg_featured_image_url":{"full":["https:\/\/www.arete.eu\/wp-content\/uploads\/2025\/02\/arete-park-rokycany-duvenbeck-34-scaled.webp",2560,1165,false],"landscape":["https:\/\/www.arete.eu\/wp-content\/uploads\/2025\/02\/arete-park-rokycany-duvenbeck-34-scaled.webp",2560,1165,false],"portraits":["https:\/\/www.arete.eu\/wp-content\/uploads\/2025\/02\/arete-park-rokycany-duvenbeck-34-scaled.webp",2560,1165,false],"thumbnail":["https:\/\/www.arete.eu\/wp-content\/uploads\/2025\/02\/arete-park-rokycany-duvenbeck-34-150x150.webp",150,150,true],"medium":["https:\/\/www.arete.eu\/wp-content\/uploads\/2025\/02\/arete-park-rokycany-duvenbeck-34-300x137.webp",300,137,true],"large":["https:\/\/www.arete.eu\/wp-content\/uploads\/2025\/02\/arete-park-rokycany-duvenbeck-34-1024x466.webp",800,364,true],"1536x1536":["https:\/\/www.arete.eu\/wp-content\/uploads\/2025\/02\/arete-park-rokycany-duvenbeck-34-1536x699.webp",1536,699,true],"2048x2048":["https:\/\/www.arete.eu\/wp-content\/uploads\/2025\/02\/arete-park-rokycany-duvenbeck-34-2048x932.webp",2048,932,true]},"rttpg_author":{"display_name":"newadmin","author_link":"https:\/\/www.arete.eu\/cs\/author\/newadmin\/"},"rttpg_comment":0,"rttpg_category":"<a href=\"https:\/\/www.arete.eu\/cs\/category\/praha-cs\/\" rel=\"category tag\">Praha<\/a>","rttpg_excerpt":"&#13; N\u011bmeck\u00e1 logistick\u00e1 spole\u010dnost Thomas Duvenbeck Immobilien, kter\u00e1 je sou\u010d\u00e1st\u00ed britsk\u00e9 investi\u010dn\u00ed skupiny Waterland, p\u0159evzala p\u0159ed n\u011bkolika dny k u\u017e\u00edv\u00e1n\u00ed logistick\u00fd are\u00e1l ARETE Park Rokycany II. &#13; \u00a0 &#13; Are\u00e1l t\u00edmto zvy\u0161uje celkovou stoj\u00edc\u00ed pronaj\u00edmatelnou plochu fondu ARETE INDUSTRIAL o 21 % na celkov\u00fdch 170,354 m2. &#13; \u00a0 &#13; Z\u00e1rove\u0148 t\u00edmto krokem doch\u00e1z\u00ed ke zv\u00fd\u0161en\u00ed&hellip;","_links":{"self":[{"href":"https:\/\/www.arete.eu\/cs\/wp-json\/wp\/v2\/posts\/13170","targetHints":{"allow":["GET"]}}],"collection":[{"href":"https:\/\/www.arete.eu\/cs\/wp-json\/wp\/v2\/posts"}],"about":[{"href":"https:\/\/www.arete.eu\/cs\/wp-json\/wp\/v2\/types\/post"}],"author":[{"embeddable":true,"href":"https:\/\/www.arete.eu\/cs\/wp-json\/wp\/v2\/users\/6"}],"replies":[{"embeddable":true,"href":"https:\/\/www.arete.eu\/cs\/wp-json\/wp\/v2\/comments?post=13170"}],"version-history":[{"count":1,"href":"https:\/\/www.arete.eu\/cs\/wp-json\/wp\/v2\/posts\/13170\/revisions"}],"predecessor-version":[{"id":13171,"href":"https:\/\/www.arete.eu\/cs\/wp-json\/wp\/v2\/posts\/13170\/revisions\/13171"}],"wp:featuredmedia":[{"embeddable":true,"href":"https:\/\/www.arete.eu\/cs\/wp-json\/wp\/v2\/media\/9501"}],"wp:attachment":[{"href":"https:\/\/www.arete.eu\/cs\/wp-json\/wp\/v2\/media?parent=13170"}],"wp:term":[{"taxonomy":"category","embeddable":true,"href":"https:\/\/www.arete.eu\/cs\/wp-json\/wp\/v2\/categories?post=13170"},{"taxonomy":"post_tag","embeddable":true,"href":"https:\/\/www.arete.eu\/cs\/wp-json\/wp\/v2\/tags?post=13170"}],"curies":[{"name":"wp","href":"https:\/\/api.w.org\/{rel}","templated":true}]}}