{"id":13165,"date":"2024-03-04T06:03:16","date_gmt":"2024-03-04T06:03:16","guid":{"rendered":"https:\/\/www.arete.eu\/expanze-arete-parku-dunajska-streda-ziskala-stavebni-povoleni\/"},"modified":"2025-02-25T10:10:40","modified_gmt":"2025-02-25T10:10:40","slug":"expanze-arete-parku-dunajska-streda-ziskala-stavebni-povoleni","status":"publish","type":"post","link":"https:\/\/www.arete.eu\/cs\/expanze-arete-parku-dunajska-streda-ziskala-stavebni-povoleni\/","title":{"rendered":"Expanze ARETE Parku Dunajsk\u00e1 Streda z\u00edskala stavebn\u00ed povolen\u00ed"},"content":{"rendered":"&#13;\n<p>Expanze ARETE Parku Dunajsk\u00e1 Streda z\u00edskala stavebn\u00ed povolen\u00ed. Nab\u00eddne dal\u0161\u00edch 13 000 m2 modern\u00edch prostor pro skladov\u00e1n\u00ed, logistiku \u010di lehkou v\u00fdrobu. <\/p>&#13;\n<p>Nov\u00fd n\u00e1jemce z\u00edsk\u00e1 budovu spl\u0148uj\u00edc\u00ed nejvy\u0161\u0161\u00ed technick\u00e9 standardy, kancel\u00e1\u0159e a soci\u00e1ln\u00ed prostory na m\u00edru. K pron\u00e1jmu budou k dispozici jednotky od 3 000 m2 a n\u00e1jemn\u00ed prostory budou dostupn\u00e9 do 8 m\u011bs\u00edc\u016f. <\/p>&#13;\n<p>St\u00e1vaj\u00edc\u00edch necel\u00fdch 30 000 m2 are\u00e1lu ji\u017e ob\u00fdv\u00e1 spole\u010dnost BSK Transports z italsk\u00e9 skupiny Bracchi, kter\u00e1 na Slovensku dlouhodob\u011b p\u016fsob\u00ed. I tato budova spl\u0148uje vysok\u00fd technick\u00fd standard t\u0159\u00eddy A a disponuje nejmodern\u011bj\u0161\u00edmi technick\u00fdmi parametry.\u00a0 <\/p>&#13;\n<p>ARETE Park Dunajsk\u00e1 Streda se nach\u00e1z\u00ed v dojezdov\u00e9 vzd\u00e1lenosti t\u0159\u00ed hlavn\u00edch m\u011bst: Bratislavy, Budape\u0161ti a V\u00eddn\u011b. Cesta do Bratislavy trv\u00e1 po d\u00e1lnici R7 20 minut. <\/p>&#13;\n&#13;\n<p>\u00a0<\/p>&#13;\n","protected":false},"excerpt":{"rendered":"<p>&#13; Expanze ARETE Parku Dunajsk\u00e1 Streda z\u00edskala stavebn\u00ed povolen\u00ed. Nab\u00eddne dal\u0161\u00edch 13 000 m2 modern\u00edch prostor pro skladov\u00e1n\u00ed, logistiku \u010di lehkou v\u00fdrobu. &#13; Nov\u00fd n\u00e1jemce z\u00edsk\u00e1 budovu spl\u0148uj\u00edc\u00ed nejvy\u0161\u0161\u00ed technick\u00e9 standardy, kancel\u00e1\u0159e a soci\u00e1ln\u00ed prostory na m\u00edru. K pron\u00e1jmu budou k dispozici jednotky od 3 000 m2 a n\u00e1jemn\u00ed prostory budou dostupn\u00e9 do 8 m\u011bs\u00edc\u016f. &#13; St\u00e1vaj\u00edc\u00edch necel\u00fdch 30 000 m2 are\u00e1lu ji\u017e ob\u00fdv\u00e1 spole\u010dnost BSK Transports z italsk\u00e9 skupiny Bracchi, kter\u00e1 na Slovensku dlouhodob\u011b p\u016fsob\u00ed. I tato budova spl\u0148uje vysok\u00fd technick\u00fd standard t\u0159\u00eddy A a disponuje nejmodern\u011bj\u0161\u00edmi technick\u00fdmi parametry.\u00a0 &#13; ARETE Park Dunajsk\u00e1 Streda se nach\u00e1z\u00ed v dojezdov\u00e9 vzd\u00e1lenosti t\u0159\u00ed hlavn\u00edch m\u011bst: Bratislavy, Budape\u0161ti a V\u00eddn\u011b. Cesta do Bratislavy trv\u00e1 po d\u00e1lnici R7 20 minut. &#13; &#13; \u00a0 &#13;<\/p>\n","protected":false},"author":6,"featured_media":9470,"comment_status":"open","ping_status":"open","sticky":false,"template":"@@single-custom-post.php","format":"standard","meta":{"_acf_changed":false,"footnotes":""},"categories":[63],"tags":[],"class_list":["post-13165","post","type-post","status-publish","format-standard","has-post-thumbnail","hentry","category-praha-cs","investment-clanky-esg","news-novinky"],"acf":[],"rttpg_featured_image_url":{"full":["https:\/\/www.arete.eu\/wp-content\/uploads\/2025\/02\/1200-arete-009.webp",1200,703,false],"landscape":["https:\/\/www.arete.eu\/wp-content\/uploads\/2025\/02\/1200-arete-009.webp",1200,703,false],"portraits":["https:\/\/www.arete.eu\/wp-content\/uploads\/2025\/02\/1200-arete-009.webp",1200,703,false],"thumbnail":["https:\/\/www.arete.eu\/wp-content\/uploads\/2025\/02\/1200-arete-009-150x150.webp",150,150,true],"medium":["https:\/\/www.arete.eu\/wp-content\/uploads\/2025\/02\/1200-arete-009-300x176.webp",300,176,true],"large":["https:\/\/www.arete.eu\/wp-content\/uploads\/2025\/02\/1200-arete-009-1024x600.webp",800,469,true],"1536x1536":["https:\/\/www.arete.eu\/wp-content\/uploads\/2025\/02\/1200-arete-009.webp",1200,703,false],"2048x2048":["https:\/\/www.arete.eu\/wp-content\/uploads\/2025\/02\/1200-arete-009.webp",1200,703,false]},"rttpg_author":{"display_name":"newadmin","author_link":"https:\/\/www.arete.eu\/cs\/author\/newadmin\/"},"rttpg_comment":0,"rttpg_category":"<a href=\"https:\/\/www.arete.eu\/cs\/category\/praha-cs\/\" rel=\"category tag\">Praha<\/a>","rttpg_excerpt":"&#13; Expanze ARETE Parku Dunajsk\u00e1 Streda z\u00edskala stavebn\u00ed povolen\u00ed. Nab\u00eddne dal\u0161\u00edch 13 000 m2 modern\u00edch prostor pro skladov\u00e1n\u00ed, logistiku \u010di lehkou v\u00fdrobu. &#13; Nov\u00fd n\u00e1jemce z\u00edsk\u00e1 budovu spl\u0148uj\u00edc\u00ed nejvy\u0161\u0161\u00ed technick\u00e9 standardy, kancel\u00e1\u0159e a soci\u00e1ln\u00ed prostory na m\u00edru. K pron\u00e1jmu budou k dispozici jednotky od 3 000 m2 a n\u00e1jemn\u00ed prostory budou dostupn\u00e9 do 8 m\u011bs\u00edc\u016f.&hellip;","_links":{"self":[{"href":"https:\/\/www.arete.eu\/cs\/wp-json\/wp\/v2\/posts\/13165","targetHints":{"allow":["GET"]}}],"collection":[{"href":"https:\/\/www.arete.eu\/cs\/wp-json\/wp\/v2\/posts"}],"about":[{"href":"https:\/\/www.arete.eu\/cs\/wp-json\/wp\/v2\/types\/post"}],"author":[{"embeddable":true,"href":"https:\/\/www.arete.eu\/cs\/wp-json\/wp\/v2\/users\/6"}],"replies":[{"embeddable":true,"href":"https:\/\/www.arete.eu\/cs\/wp-json\/wp\/v2\/comments?post=13165"}],"version-history":[{"count":1,"href":"https:\/\/www.arete.eu\/cs\/wp-json\/wp\/v2\/posts\/13165\/revisions"}],"predecessor-version":[{"id":13166,"href":"https:\/\/www.arete.eu\/cs\/wp-json\/wp\/v2\/posts\/13165\/revisions\/13166"}],"wp:featuredmedia":[{"embeddable":true,"href":"https:\/\/www.arete.eu\/cs\/wp-json\/wp\/v2\/media\/9470"}],"wp:attachment":[{"href":"https:\/\/www.arete.eu\/cs\/wp-json\/wp\/v2\/media?parent=13165"}],"wp:term":[{"taxonomy":"category","embeddable":true,"href":"https:\/\/www.arete.eu\/cs\/wp-json\/wp\/v2\/categories?post=13165"},{"taxonomy":"post_tag","embeddable":true,"href":"https:\/\/www.arete.eu\/cs\/wp-json\/wp\/v2\/tags?post=13165"}],"curies":[{"name":"wp","href":"https:\/\/api.w.org\/{rel}","templated":true}]}}