{"id":13161,"date":"2024-04-04T06:06:49","date_gmt":"2024-04-04T06:06:49","guid":{"rendered":"https:\/\/www.arete.eu\/uz-jsme-osadili-zeleni-plochu-vetsi-nez-17-fotbalovych-hrist\/"},"modified":"2025-02-25T10:05:50","modified_gmt":"2025-02-25T10:05:50","slug":"uz-jsme-osadili-zeleni-plochu-vetsi-nez-17-fotbalovych-hrist","status":"publish","type":"post","link":"https:\/\/www.arete.eu\/cs\/uz-jsme-osadili-zeleni-plochu-vetsi-nez-17-fotbalovych-hrist\/","title":{"rendered":"U\u017e jsme osadili zelen\u00ed plochu v\u011bt\u0161\u00ed ne\u017e 17 fotbalov\u00fdch h\u0159i\u0161\u0165"},"content":{"rendered":"&#13;\n<p>Fond ARETE INDUSTRIAL je jedn\u00edm z\u00a0prvn\u00edch \u201esv\u011btle zelen\u00fdch\u201c realitn\u00edch investi\u010dn\u00edch fond\u016f v \u010cesk\u00e9 republice. Fond implementoval ESG strategii dle \u010dl\u00e1nku 8 na\u0159\u00edzen\u00ed SFDR Evropsk\u00e9 komise, v r\u00e1mci n\u00ed\u017e jsme se zav\u00e1zali mimo jin\u00e9 k\u00a0v\u00fdsadb\u011b strom\u016f v\u00a0okol\u00ed pr\u016fmyslov\u00fdch a logistick\u00fdch park\u016f v portfoliu fondu. <\/p>&#13;\n<p>Tentokr\u00e1t kolegov\u00e9 z\u00a0development t\u00fdmu ARETE vyrazili do Zdic, kde se ch\u00fdl\u00ed k\u00a0z\u00e1v\u011bru stavebn\u00ed pr\u00e1ce na nov\u00e9 skladov\u00e9 hale o rozloze p\u0159es 7 tis\u00edc m2. B\u011bhem slunn\u00e9ho jarn\u00edho dne zde vlastnoru\u010dn\u011b vysadili mlad\u00e9 stromy n\u011bkolika p\u016fvodn\u00edch druh\u016f. Are\u00e1l tak nyn\u00ed zdob\u00ed hru\u0161n\u011b plan\u00e9, jablon\u011b plan\u00e9, jablon\u011b lesn\u00ed a je\u0159\u00e1by pta\u010d\u00ed. P\u0159isp\u011bj\u00ed nejen ke zkr\u00e1\u0161len\u00ed okol\u00ed a k\u00a0obnov\u011b p\u016fvodn\u00edho p\u0159irozen\u00e9ho prost\u0159ed\u00ed, ale tak\u00e9 ke sn\u00ed\u017een\u00ed celkov\u00e9 uhl\u00edkov\u00e9 stopy parku.   <\/p>&#13;\n<p>V r\u00e1mci komplexn\u00ed ESG strategie skupiny ARETE jsme se konkr\u00e9tn\u011b zav\u00e1zali k vysazen\u00ed jednoho stromu za ka\u017ed\u00fdch 500 m2 nov\u011b vybudovan\u00fdch n\u00e1jemn\u00edch ploch. Na prvn\u00ed pohled to m\u016f\u017ee vypadat jako nevelk\u00e9 mno\u017estv\u00ed strom\u016f. Kdy\u017e ale vezmeme v potaz, \u017ee fond ARETE INDUSTRIAL m\u00e1 aktu\u00e1ln\u011b p\u0159es 200 tis\u00edc m2 pronaj\u00edmateln\u00fdch ploch a ploch ve v\u00fdstavb\u011b, je to docela hezk\u00e9 stromo\u0159ad\u00ed.  <\/p>&#13;\n<p>Od otev\u0159en\u00ed fondu jsme u\u017e osadili zelen\u00ed plochu v\u011bt\u0161\u00ed ne\u017e 126 tis\u00edc m2, co\u017e odpov\u00edd\u00e1 velikosti v\u00edce ne\u017e 17 fotbalov\u00fdch h\u0159i\u0161\u0165.<\/p>&#13;\n&#13;\n<p>\u00a0<\/p>&#13;\n","protected":false},"excerpt":{"rendered":"<p>&#13; Fond ARETE INDUSTRIAL je jedn\u00edm z\u00a0prvn\u00edch \u201esv\u011btle zelen\u00fdch\u201c realitn\u00edch investi\u010dn\u00edch fond\u016f v \u010cesk\u00e9 republice. Fond implementoval ESG strategii dle \u010dl\u00e1nku 8 na\u0159\u00edzen\u00ed SFDR Evropsk\u00e9 komise, v r\u00e1mci n\u00ed\u017e jsme se zav\u00e1zali mimo jin\u00e9 k\u00a0v\u00fdsadb\u011b strom\u016f v\u00a0okol\u00ed pr\u016fmyslov\u00fdch a logistick\u00fdch park\u016f v portfoliu fondu. &#13; Tentokr\u00e1t kolegov\u00e9 z\u00a0development t\u00fdmu ARETE vyrazili do Zdic, kde se ch\u00fdl\u00ed k\u00a0z\u00e1v\u011bru stavebn\u00ed pr\u00e1ce na nov\u00e9 skladov\u00e9 hale o rozloze p\u0159es 7 tis\u00edc m2. B\u011bhem slunn\u00e9ho jarn\u00edho dne zde vlastnoru\u010dn\u011b vysadili mlad\u00e9 stromy n\u011bkolika p\u016fvodn\u00edch druh\u016f. Are\u00e1l tak nyn\u00ed zdob\u00ed hru\u0161n\u011b plan\u00e9, jablon\u011b plan\u00e9, jablon\u011b lesn\u00ed a je\u0159\u00e1by pta\u010d\u00ed. P\u0159isp\u011bj\u00ed nejen ke zkr\u00e1\u0161len\u00ed okol\u00ed a k\u00a0obnov\u011b p\u016fvodn\u00edho p\u0159irozen\u00e9ho prost\u0159ed\u00ed, ale tak\u00e9 ke sn\u00ed\u017een\u00ed celkov\u00e9 uhl\u00edkov\u00e9 stopy parku. &#13; V r\u00e1mci komplexn\u00ed ESG strategie skupiny ARETE jsme se konkr\u00e9tn\u011b zav\u00e1zali k vysazen\u00ed jednoho stromu za ka\u017ed\u00fdch 500 m2 nov\u011b vybudovan\u00fdch n\u00e1jemn\u00edch ploch. Na prvn\u00ed pohled to m\u016f\u017ee vypadat jako nevelk\u00e9 mno\u017estv\u00ed strom\u016f. Kdy\u017e ale vezmeme v potaz, \u017ee fond ARETE INDUSTRIAL m\u00e1 aktu\u00e1ln\u011b p\u0159es 200 tis\u00edc m2 pronaj\u00edmateln\u00fdch ploch a ploch ve v\u00fdstavb\u011b, je to docela hezk\u00e9 stromo\u0159ad\u00ed. &#13; Od otev\u0159en\u00ed fondu jsme u\u017e osadili zelen\u00ed plochu v\u011bt\u0161\u00ed ne\u017e 126 tis\u00edc m2, co\u017e odpov\u00edd\u00e1 velikosti v\u00edce ne\u017e 17 fotbalov\u00fdch h\u0159i\u0161\u0165. &#13; &#13; \u00a0 &#13;<\/p>\n","protected":false},"author":6,"featured_media":9475,"comment_status":"open","ping_status":"open","sticky":false,"template":"@@single-custom-post.php","format":"standard","meta":{"_acf_changed":false,"footnotes":""},"categories":[63],"tags":[68],"class_list":["post-13161","post","type-post","status-publish","format-standard","has-post-thumbnail","hentry","category-praha-cs","tag-esg-strategie","investment-clanky-esg","news-novinky"],"acf":[],"rttpg_featured_image_url":{"full":["https:\/\/www.arete.eu\/wp-content\/uploads\/2025\/02\/img-8094.webp",1536,2048,false],"landscape":["https:\/\/www.arete.eu\/wp-content\/uploads\/2025\/02\/img-8094.webp",1536,2048,false],"portraits":["https:\/\/www.arete.eu\/wp-content\/uploads\/2025\/02\/img-8094.webp",1536,2048,false],"thumbnail":["https:\/\/www.arete.eu\/wp-content\/uploads\/2025\/02\/img-8094-150x150.webp",150,150,true],"medium":["https:\/\/www.arete.eu\/wp-content\/uploads\/2025\/02\/img-8094-225x300.webp",225,300,true],"large":["https:\/\/www.arete.eu\/wp-content\/uploads\/2025\/02\/img-8094-768x1024.webp",768,1024,true],"1536x1536":["https:\/\/www.arete.eu\/wp-content\/uploads\/2025\/02\/img-8094-1152x1536.webp",1152,1536,true],"2048x2048":["https:\/\/www.arete.eu\/wp-content\/uploads\/2025\/02\/img-8094.webp",1536,2048,false]},"rttpg_author":{"display_name":"newadmin","author_link":"https:\/\/www.arete.eu\/cs\/author\/newadmin\/"},"rttpg_comment":0,"rttpg_category":"<a href=\"https:\/\/www.arete.eu\/cs\/category\/praha-cs\/\" rel=\"category tag\">Praha<\/a>","rttpg_excerpt":"&#13; Fond ARETE INDUSTRIAL je jedn\u00edm z\u00a0prvn\u00edch \u201esv\u011btle zelen\u00fdch\u201c realitn\u00edch investi\u010dn\u00edch fond\u016f v \u010cesk\u00e9 republice. Fond implementoval ESG strategii dle \u010dl\u00e1nku 8 na\u0159\u00edzen\u00ed SFDR Evropsk\u00e9 komise, v r\u00e1mci n\u00ed\u017e jsme se zav\u00e1zali mimo jin\u00e9 k\u00a0v\u00fdsadb\u011b strom\u016f v\u00a0okol\u00ed pr\u016fmyslov\u00fdch a logistick\u00fdch park\u016f v portfoliu fondu. &#13; Tentokr\u00e1t kolegov\u00e9 z\u00a0development t\u00fdmu ARETE vyrazili do Zdic, kde se&hellip;","_links":{"self":[{"href":"https:\/\/www.arete.eu\/cs\/wp-json\/wp\/v2\/posts\/13161","targetHints":{"allow":["GET"]}}],"collection":[{"href":"https:\/\/www.arete.eu\/cs\/wp-json\/wp\/v2\/posts"}],"about":[{"href":"https:\/\/www.arete.eu\/cs\/wp-json\/wp\/v2\/types\/post"}],"author":[{"embeddable":true,"href":"https:\/\/www.arete.eu\/cs\/wp-json\/wp\/v2\/users\/6"}],"replies":[{"embeddable":true,"href":"https:\/\/www.arete.eu\/cs\/wp-json\/wp\/v2\/comments?post=13161"}],"version-history":[{"count":1,"href":"https:\/\/www.arete.eu\/cs\/wp-json\/wp\/v2\/posts\/13161\/revisions"}],"predecessor-version":[{"id":13162,"href":"https:\/\/www.arete.eu\/cs\/wp-json\/wp\/v2\/posts\/13161\/revisions\/13162"}],"wp:featuredmedia":[{"embeddable":true,"href":"https:\/\/www.arete.eu\/cs\/wp-json\/wp\/v2\/media\/9475"}],"wp:attachment":[{"href":"https:\/\/www.arete.eu\/cs\/wp-json\/wp\/v2\/media?parent=13161"}],"wp:term":[{"taxonomy":"category","embeddable":true,"href":"https:\/\/www.arete.eu\/cs\/wp-json\/wp\/v2\/categories?post=13161"},{"taxonomy":"post_tag","embeddable":true,"href":"https:\/\/www.arete.eu\/cs\/wp-json\/wp\/v2\/tags?post=13161"}],"curies":[{"name":"wp","href":"https:\/\/api.w.org\/{rel}","templated":true}]}}