{"id":13043,"date":"2024-05-01T12:51:25","date_gmt":"2024-05-01T12:51:25","guid":{"rendered":"https:\/\/www.arete.eu\/snizujeme-uhlikovou-stopu-vozoveho-parku-arete-2\/"},"modified":"2025-02-25T09:56:21","modified_gmt":"2025-02-25T09:56:21","slug":"snizujeme-uhlikovou-stopu-vozoveho-parku-arete-2","status":"publish","type":"post","link":"https:\/\/www.arete.eu\/cs\/snizujeme-uhlikovou-stopu-vozoveho-parku-arete-2\/","title":{"rendered":"Bl\u00ed\u017e\u00ed se doba zaj\u00edmav\u00fdch investi\u010dn\u00edch p\u0159\u00edle\u017eitost\u00ed"},"content":{"rendered":"<p><style>\r\n.post-thumbnail {\r\n    display: none;\r\n}\r\nvideo {\r\n    width: 100%;\r\n    \/* margin: auto; *\/\r\n}<\/p>\r\n<\/style><\/p>\r\n<p><video controls=\"controls\" width=\"1000\" height=\"650\"><span data-mce-type=\"bookmark\" style=\"display: inline-block; width: 0px; overflow: hidden; line-height: 0;\" class=\"mce_SELRES_start\"><\/span><source src=\"https:\/\/www.arete.eu\/wp-content\/uploads\/2025\/02\/sestrih-1.mp4\" type=\"video\/mp4\" \/><span data-mce-type=\"bookmark\" style=\"display: inline-block; width: 0px; overflow: hidden; line-height: 0;\" class=\"mce_SELRES_end\"><\/span><\/video><\/p>\r\n<p><\/p>\r\n<p><strong>Lubor Svoboda, spoluzakladatel nemovitostn\u00ed a investi\u010dn\u00ed skupiny ARETE, byl hostem relace Ekonomika Plus slovensk\u00e9 televizn\u00ed stanice TA3 v \u00fater\u00fd 23. dubna 2024.<\/strong><\/p>\r\n<p>T\u00e9matem rozhovoru s moder\u00e1torkou Lenkou Buchl\u00e1kovou byly dlouhodob\u00e9 investice v dne\u0161n\u00ed dob\u011b. Aktu\u00e1ln\u00ed makroekonomick\u00e1 situace p\u0159in\u00e1\u0161\u00ed zaj\u00edmav\u00e9 investi\u010dn\u00ed p\u0159\u00edle\u017eitosti a p\u0159eje investov\u00e1n\u00ed do nemovitost\u00ed.<\/p>\r\n<p>Co v rozhovoru usly\u0161\u00edte?<\/p>\r\n<ul>\r\n<li>Jak\u00e9 jsou hlavn\u00ed atributy dobr\u00e9 investi\u010dn\u00ed strategie, resp. jak\u00fd by m\u011bl b\u00fdt vztah mezi v\u00fdnosem, likviditou a rizikem.<\/li>\r\n<li>Jak\u00fd pom\u011br investi\u010dn\u00edch instrument\u016f je ide\u00e1ln\u00ed s ohledem na diverzifikaci rizika, uv\u00e1\u017e\u00edme-li akcie, dluhopisy, private equity a fondy kvalifikovan\u00fdch investor\u016f<\/li>\r\n<li>Pro jak\u00e9ho investora jsou ur\u010den\u00e9 realitn\u00ed fondy<\/li>\r\n<li>Jak\u00fd je vliv \u00farokov\u00fdch sazeb stanovovan\u00fdch ECB a \u010cNB na investice do komer\u010dn\u00edch nemovitost\u00ed<\/li>\r\n<li>Jak\u00fd lze o\u010dek\u00e1vat dal\u0161\u00ed v\u00fdvoj cen akci\u00ed<\/li>\r\n<li>Jak m\u016f\u017ee leto\u0161n\u00ed supervolebn\u00ed rok zam\u00edchat kartami i na\u0161ich investi\u010dn\u00edch strategi\u00ed<\/li>\r\n<\/ul>\r\n<p>&nbsp;<\/p>\r\n<p>V programu je tak\u00e9 uvedeno:<\/p>\r\n<p><i>&#8222;Vzhledem k tomu, \u017ee komer\u010dn\u00ed nemovitosti v z\u00e1padn\u00ed Evrop\u011b ji\u017e zaznamenaly v\u00fdrazn\u00e9 sn\u00ed\u017een\u00ed cen, bude okam\u017eik, kdy se hodnota pen\u011bz d\u00e1le sn\u00ed\u017e\u00ed, t\u00edm spr\u00e1vn\u00fdm \u010dasem pro n\u00e1kup nemovitost\u00ed. V tu chv\u00edli m\u016f\u017eeme o\u010dek\u00e1vat budouc\u00ed zhodnocen\u00ed.&#8220;<\/i><\/p>\r\n<p>Cel\u00fd rozhovor m\u016f\u017eete zhl\u00e9dnout v <a href=\"https:\/\/www.ta3.com\/relacia\/935695\/aktualny-stav-na-financnych-trhoch\">archivu TA3<\/a>.<\/p>\r\n<p><\/p>","protected":false},"excerpt":{"rendered":"<p>Lubor Svoboda, spoluzakladatel nemovitostn\u00ed a investi\u010dn\u00ed skupiny ARETE, byl hostem relace Ekonomika Plus slovensk\u00e9 televizn\u00ed stanice TA3 v \u00fater\u00fd 23. dubna 2024. T\u00e9matem rozhovoru s moder\u00e1torkou Lenkou Buchl\u00e1kovou byly dlouhodob\u00e9 investice v dne\u0161n\u00ed dob\u011b. Aktu\u00e1ln\u00ed makroekonomick\u00e1 situace p\u0159in\u00e1\u0161\u00ed zaj\u00edmav\u00e9 investi\u010dn\u00ed p\u0159\u00edle\u017eitosti a p\u0159eje investov\u00e1n\u00ed do nemovitost\u00ed. Co v rozhovoru usly\u0161\u00edte? Jak\u00e9 jsou hlavn\u00ed atributy dobr\u00e9 investi\u010dn\u00ed strategie, resp. jak\u00fd by m\u011bl b\u00fdt vztah mezi v\u00fdnosem, likviditou a rizikem. Jak\u00fd pom\u011br investi\u010dn\u00edch instrument\u016f je ide\u00e1ln\u00ed s ohledem na diverzifikaci rizika, uv\u00e1\u017e\u00edme-li akcie, dluhopisy, private equity a fondy kvalifikovan\u00fdch investor\u016f Pro jak\u00e9ho investora jsou ur\u010den\u00e9 realitn\u00ed fondy Jak\u00fd je vliv \u00farokov\u00fdch sazeb stanovovan\u00fdch ECB a \u010cNB na investice do komer\u010dn\u00edch nemovitost\u00ed Jak\u00fd lze o\u010dek\u00e1vat dal\u0161\u00ed v\u00fdvoj cen akci\u00ed Jak m\u016f\u017ee leto\u0161n\u00ed supervolebn\u00ed rok zam\u00edchat kartami i na\u0161ich investi\u010dn\u00edch strategi\u00ed &nbsp; V programu je tak\u00e9 uvedeno: &#8222;Vzhledem k tomu, \u017ee komer\u010dn\u00ed nemovitosti v z\u00e1padn\u00ed Evrop\u011b ji\u017e zaznamenaly v\u00fdrazn\u00e9 sn\u00ed\u017een\u00ed cen, bude okam\u017eik, kdy se hodnota pen\u011bz d\u00e1le sn\u00ed\u017e\u00ed, t\u00edm spr\u00e1vn\u00fdm \u010dasem pro n\u00e1kup nemovitost\u00ed. V tu chv\u00edli m\u016f\u017eeme o\u010dek\u00e1vat budouc\u00ed zhodnocen\u00ed.&#8220; Cel\u00fd rozhovor m\u016f\u017eete zhl\u00e9dnout v archivu TA3.<\/p>\n","protected":false},"author":6,"featured_media":13044,"comment_status":"open","ping_status":"open","sticky":false,"template":"@@single-custom-post.php","format":"standard","meta":{"_acf_changed":false,"footnotes":""},"categories":[63],"tags":[],"class_list":["post-13043","post","type-post","status-publish","format-standard","has-post-thumbnail","hentry","category-praha-cs","investment-clanky-esg","news-videa"],"acf":[],"rttpg_featured_image_url":{"full":["https:\/\/www.arete.eu\/wp-content\/uploads\/2025\/02\/snimek-obrazovky-2024-05-10-1057.webp",376,201,false],"landscape":["https:\/\/www.arete.eu\/wp-content\/uploads\/2025\/02\/snimek-obrazovky-2024-05-10-1057.webp",376,201,false],"portraits":["https:\/\/www.arete.eu\/wp-content\/uploads\/2025\/02\/snimek-obrazovky-2024-05-10-1057.webp",376,201,false],"thumbnail":["https:\/\/www.arete.eu\/wp-content\/uploads\/2025\/02\/snimek-obrazovky-2024-05-10-1057-150x150.webp",150,150,true],"medium":["https:\/\/www.arete.eu\/wp-content\/uploads\/2025\/02\/snimek-obrazovky-2024-05-10-1057-300x160.webp",300,160,true],"large":["https:\/\/www.arete.eu\/wp-content\/uploads\/2025\/02\/snimek-obrazovky-2024-05-10-1057.webp",376,201,false],"1536x1536":["https:\/\/www.arete.eu\/wp-content\/uploads\/2025\/02\/snimek-obrazovky-2024-05-10-1057.webp",376,201,false],"2048x2048":["https:\/\/www.arete.eu\/wp-content\/uploads\/2025\/02\/snimek-obrazovky-2024-05-10-1057.webp",376,201,false]},"rttpg_author":{"display_name":"newadmin","author_link":"https:\/\/www.arete.eu\/cs\/author\/newadmin\/"},"rttpg_comment":0,"rttpg_category":"<a href=\"https:\/\/www.arete.eu\/cs\/category\/praha-cs\/\" rel=\"category tag\">Praha<\/a>","rttpg_excerpt":"Lubor Svoboda, spoluzakladatel nemovitostn\u00ed a investi\u010dn\u00ed skupiny ARETE, byl hostem relace Ekonomika Plus slovensk\u00e9 televizn\u00ed stanice TA3 v \u00fater\u00fd 23. dubna 2024. T\u00e9matem rozhovoru s moder\u00e1torkou Lenkou Buchl\u00e1kovou byly dlouhodob\u00e9 investice v dne\u0161n\u00ed dob\u011b. Aktu\u00e1ln\u00ed makroekonomick\u00e1 situace p\u0159in\u00e1\u0161\u00ed zaj\u00edmav\u00e9 investi\u010dn\u00ed p\u0159\u00edle\u017eitosti a p\u0159eje investov\u00e1n\u00ed do nemovitost\u00ed. Co v rozhovoru usly\u0161\u00edte? Jak\u00e9 jsou hlavn\u00ed atributy dobr\u00e9&hellip;","_links":{"self":[{"href":"https:\/\/www.arete.eu\/cs\/wp-json\/wp\/v2\/posts\/13043","targetHints":{"allow":["GET"]}}],"collection":[{"href":"https:\/\/www.arete.eu\/cs\/wp-json\/wp\/v2\/posts"}],"about":[{"href":"https:\/\/www.arete.eu\/cs\/wp-json\/wp\/v2\/types\/post"}],"author":[{"embeddable":true,"href":"https:\/\/www.arete.eu\/cs\/wp-json\/wp\/v2\/users\/6"}],"replies":[{"embeddable":true,"href":"https:\/\/www.arete.eu\/cs\/wp-json\/wp\/v2\/comments?post=13043"}],"version-history":[{"count":7,"href":"https:\/\/www.arete.eu\/cs\/wp-json\/wp\/v2\/posts\/13043\/revisions"}],"predecessor-version":[{"id":13154,"href":"https:\/\/www.arete.eu\/cs\/wp-json\/wp\/v2\/posts\/13043\/revisions\/13154"}],"wp:featuredmedia":[{"embeddable":true,"href":"https:\/\/www.arete.eu\/cs\/wp-json\/wp\/v2\/media\/13044"}],"wp:attachment":[{"href":"https:\/\/www.arete.eu\/cs\/wp-json\/wp\/v2\/media?parent=13043"}],"wp:term":[{"taxonomy":"category","embeddable":true,"href":"https:\/\/www.arete.eu\/cs\/wp-json\/wp\/v2\/categories?post=13043"},{"taxonomy":"post_tag","embeddable":true,"href":"https:\/\/www.arete.eu\/cs\/wp-json\/wp\/v2\/tags?post=13043"}],"curies":[{"name":"wp","href":"https:\/\/api.w.org\/{rel}","templated":true}]}}