{"id":13009,"date":"2024-09-02T04:43:48","date_gmt":"2024-09-02T04:43:48","guid":{"rendered":"https:\/\/www.arete.eu\/desetilete-vyroci-investicni-skupiny-arete\/"},"modified":"2025-02-25T05:11:02","modified_gmt":"2025-02-25T05:11:02","slug":"desetilete-vyroci-investicni-skupiny-arete","status":"publish","type":"post","link":"https:\/\/www.arete.eu\/cs\/desetilete-vyroci-investicni-skupiny-arete\/","title":{"rendered":"Desetilet\u00e9 v\u00fdro\u010d\u00ed investi\u010dn\u00ed skupiny ARETE"},"content":{"rendered":"&#13;\n<p>Investi\u010dn\u00ed skupina ARETE letos slav\u00ed deset let sv\u00e9ho p\u016fsoben\u00ed na trhu. B\u011bhem t\u00e9to dek\u00e1dy dos\u00e1hla v\u00fdznamn\u00fdch \u00fasp\u011bch\u016f a stala se pr\u016fkopn\u00edkem v oblasti realitn\u00edch fond\u016f investuj\u00edc\u00edch v uzav\u0159en\u00e9m investi\u010dn\u00edm cyklu v \u010cesk\u00e9 republice. ARETE je jedin\u00e1 investi\u010dn\u00ed skupina, kter\u00e1 v \u010cesk\u00e9 republice \u00fasp\u011b\u0161n\u011b uzav\u0159ela dva nemovitostn\u00ed fondy a vyplatila sv\u00e9 investory.  <\/p>&#13;\n<p>V roce 2014 zalo\u017eili Robert Ides a Lubor Svoboda investi\u010dn\u00ed skupinu ARETE s viz\u00ed pozvednout investi\u010dn\u00ed prost\u0159ed\u00ed v \u010cesk\u00e9 republice. Brzy se skupin\u011b poda\u0159ilo z\u00edskat prvn\u00ed investory ze Singapuru, co\u017e se stalo z\u00e1kladem jej\u00edho r\u016fstu. Prvn\u00ed investice byly sm\u011brov\u00e1ny do bytov\u00fdch dom\u016f, kter\u00e9 byly n\u00e1sledn\u011b prod\u00e1ny se ziskem. Postupem \u010dasu se t\u00fdm rozrostl a p\u0159ib\u00fdvali dal\u0161\u00ed odborn\u00edci a investo\u0159i.   <\/p>&#13;\n<p>Prvn\u00ed fond ARETE INVEST CEE, zam\u011b\u0159en\u00fd na reziden\u010dn\u00ed portfolio, uzav\u0159el sv\u016fj investi\u010dn\u00ed cyklus s hrub\u00fdm v\u00fdnosem 39 % p.a. Tento \u00fasp\u011bch n\u00e1sledoval druh\u00fd fond, ARETE INVEST CEE II, zam\u011b\u0159en\u00fd na pr\u016fmyslov\u00e9 nemovitosti s dosa\u017een\u00fdm pr\u016fm\u011brn\u00fdm hrub\u00fdm v\u00fdnosem 11 % p.a. <\/p>&#13;\n<p>ARETE se stala synonymem \u00fasp\u011b\u0161n\u00fdch investic a profesion\u00e1ln\u00edho \u0159\u00edzen\u00ed fond\u016f. Aktu\u00e1ln\u00ed aktivity skupiny pokra\u010duj\u00ed s nov\u00fdm fondem ARETE INDUSTRIAL, kter\u00fd se zam\u011b\u0159uje na pr\u016fmyslov\u00e9 nemovitosti s c\u00edlem \u010dty\u0159n\u00e1sobn\u00e9ho n\u00e1r\u016fstu spravovan\u00fdch aktiv. Fond aktu\u00e1ln\u011b spravuje aktiva ve v\u00fd\u0161i p\u0159es 230 milion\u016f eur s c\u00edlov\u00fdm objemem 500 milion\u016f eur. V portfoliu tohoto fondu se nach\u00e1z\u00ed 11 park\u016f s 18 bonitn\u00edmi n\u00e1jemn\u00edky, poskytuj\u00edc\u00edmi 201 tis\u00edc m\u00b2 pronaj\u00edmateln\u00fdch ploch a ploch ve v\u00fdstavb\u011b.   <\/p>&#13;\n<p>ARETE INDUSTRIAL se rovn\u011b\u017e stal jedn\u00edm z prvn\u00edch \u201esv\u011btle zelen\u00fdch\u201c fond\u016f v \u010cesk\u00e9 republice dle evropsk\u00e9ho na\u0159\u00edzen\u00ed SFDR, v souladu s ESG strategi\u00ed skupiny. Logistick\u00e9 a pr\u016fmyslov\u00e9 parky ARETE jsou stav\u011bny ve vysok\u00e9m technologick\u00e9m a ekologick\u00e9m standardu. <\/p>&#13;\n<p>Do budoucna m\u00e1 skupina ARETE ambici\u00f3zn\u00ed pl\u00e1ny. Krom\u011b pokra\u010dov\u00e1n\u00ed v r\u016fstu portfolia a hodnoty fondu pl\u00e1nuje roz\u0161\u00ed\u0159en\u00ed sv\u00fdch aktivit o nov\u00e9 fondy a investice do energetick\u00e9 infrastruktury. Skupina rovn\u011b\u017e pl\u00e1nuje d\u00e1le roz\u0161i\u0159ovat sv\u00e9 investice do st\u0159edn\u00ed a z\u00e1padn\u00ed Evropy, a t\u00edm pos\u00edlit svou pozici na trhu.\u00a0  <\/p>&#13;\n&#13;\n<p>\u00a0<\/p>&#13;\n&#13;\n<p>\u00a0<\/p>&#13;\n&#13;\n<p>\u00a0<\/p>&#13;\n","protected":false},"excerpt":{"rendered":"<p>&#13; Investi\u010dn\u00ed skupina ARETE letos slav\u00ed deset let sv\u00e9ho p\u016fsoben\u00ed na trhu. B\u011bhem t\u00e9to dek\u00e1dy dos\u00e1hla v\u00fdznamn\u00fdch \u00fasp\u011bch\u016f a stala se pr\u016fkopn\u00edkem v oblasti realitn\u00edch fond\u016f investuj\u00edc\u00edch v uzav\u0159en\u00e9m investi\u010dn\u00edm cyklu v \u010cesk\u00e9 republice. ARETE je jedin\u00e1 investi\u010dn\u00ed skupina, kter\u00e1 v \u010cesk\u00e9 republice \u00fasp\u011b\u0161n\u011b uzav\u0159ela dva nemovitostn\u00ed fondy a vyplatila sv\u00e9 investory. &#13; V roce 2014 zalo\u017eili Robert Ides a Lubor Svoboda investi\u010dn\u00ed skupinu ARETE s viz\u00ed pozvednout investi\u010dn\u00ed prost\u0159ed\u00ed v \u010cesk\u00e9 republice. Brzy se skupin\u011b poda\u0159ilo z\u00edskat prvn\u00ed investory ze Singapuru, co\u017e se stalo z\u00e1kladem jej\u00edho r\u016fstu. Prvn\u00ed investice byly sm\u011brov\u00e1ny do bytov\u00fdch dom\u016f, kter\u00e9 byly n\u00e1sledn\u011b prod\u00e1ny se ziskem. Postupem \u010dasu se t\u00fdm rozrostl a p\u0159ib\u00fdvali dal\u0161\u00ed odborn\u00edci a investo\u0159i. &#13; Prvn\u00ed fond ARETE INVEST CEE, zam\u011b\u0159en\u00fd na reziden\u010dn\u00ed portfolio, uzav\u0159el sv\u016fj investi\u010dn\u00ed cyklus s hrub\u00fdm v\u00fdnosem 39 % p.a. Tento \u00fasp\u011bch n\u00e1sledoval druh\u00fd fond, ARETE INVEST CEE II, zam\u011b\u0159en\u00fd na pr\u016fmyslov\u00e9 nemovitosti s dosa\u017een\u00fdm pr\u016fm\u011brn\u00fdm hrub\u00fdm v\u00fdnosem 11 % p.a. &#13; ARETE se stala synonymem \u00fasp\u011b\u0161n\u00fdch investic a profesion\u00e1ln\u00edho \u0159\u00edzen\u00ed fond\u016f. Aktu\u00e1ln\u00ed aktivity skupiny pokra\u010duj\u00ed s nov\u00fdm fondem ARETE INDUSTRIAL, kter\u00fd se zam\u011b\u0159uje na pr\u016fmyslov\u00e9 nemovitosti s c\u00edlem \u010dty\u0159n\u00e1sobn\u00e9ho n\u00e1r\u016fstu spravovan\u00fdch aktiv. Fond aktu\u00e1ln\u011b spravuje aktiva ve v\u00fd\u0161i p\u0159es 230 milion\u016f eur s c\u00edlov\u00fdm objemem 500 milion\u016f eur. V portfoliu tohoto fondu se nach\u00e1z\u00ed 11 park\u016f s 18 bonitn\u00edmi n\u00e1jemn\u00edky, poskytuj\u00edc\u00edmi 201 tis\u00edc m\u00b2 pronaj\u00edmateln\u00fdch ploch a ploch ve v\u00fdstavb\u011b. &#13; ARETE INDUSTRIAL se rovn\u011b\u017e stal jedn\u00edm z prvn\u00edch \u201esv\u011btle zelen\u00fdch\u201c fond\u016f v \u010cesk\u00e9 republice dle evropsk\u00e9ho na\u0159\u00edzen\u00ed SFDR, v souladu s ESG strategi\u00ed skupiny. Logistick\u00e9 a pr\u016fmyslov\u00e9 parky ARETE jsou stav\u011bny ve vysok\u00e9m technologick\u00e9m a ekologick\u00e9m standardu. &#13; Do budoucna m\u00e1 skupina ARETE ambici\u00f3zn\u00ed pl\u00e1ny. Krom\u011b pokra\u010dov\u00e1n\u00ed v r\u016fstu portfolia a hodnoty fondu pl\u00e1nuje roz\u0161\u00ed\u0159en\u00ed sv\u00fdch aktivit o nov\u00e9 fondy a investice do energetick\u00e9 infrastruktury. Skupina rovn\u011b\u017e pl\u00e1nuje d\u00e1le roz\u0161i\u0159ovat sv\u00e9 investice do st\u0159edn\u00ed a z\u00e1padn\u00ed Evropy, a t\u00edm pos\u00edlit svou pozici na trhu.\u00a0 &#13; &#13; \u00a0 &#13; &#13; \u00a0 &#13; &#13; \u00a0 &#13;<\/p>\n","protected":false},"author":6,"featured_media":7730,"comment_status":"open","ping_status":"open","sticky":false,"template":"@@single-custom-post.php","format":"standard","meta":{"_acf_changed":false,"footnotes":""},"categories":[63],"tags":[],"class_list":["post-13009","post","type-post","status-publish","format-standard","has-post-thumbnail","hentry","category-praha-cs","investment-clanky-esg","news-rozhovory"],"acf":[],"rttpg_featured_image_url":{"full":["https:\/\/www.arete.eu\/wp-content\/uploads\/2025\/01\/nos3876-fin-scaled.webp",2560,1673,false],"landscape":["https:\/\/www.arete.eu\/wp-content\/uploads\/2025\/01\/nos3876-fin-scaled.webp",2560,1673,false],"portraits":["https:\/\/www.arete.eu\/wp-content\/uploads\/2025\/01\/nos3876-fin-scaled.webp",2560,1673,false],"thumbnail":["https:\/\/www.arete.eu\/wp-content\/uploads\/2025\/01\/nos3876-fin-150x150.webp",150,150,true],"medium":["https:\/\/www.arete.eu\/wp-content\/uploads\/2025\/01\/nos3876-fin-300x196.webp",300,196,true],"large":["https:\/\/www.arete.eu\/wp-content\/uploads\/2025\/01\/nos3876-fin-1024x669.webp",800,523,true],"1536x1536":["https:\/\/www.arete.eu\/wp-content\/uploads\/2025\/01\/nos3876-fin-1536x1004.webp",1536,1004,true],"2048x2048":["https:\/\/www.arete.eu\/wp-content\/uploads\/2025\/01\/nos3876-fin-2048x1338.webp",2048,1338,true]},"rttpg_author":{"display_name":"newadmin","author_link":"https:\/\/www.arete.eu\/cs\/author\/newadmin\/"},"rttpg_comment":0,"rttpg_category":"<a href=\"https:\/\/www.arete.eu\/cs\/category\/praha-cs\/\" rel=\"category tag\">Praha<\/a>","rttpg_excerpt":"&#13; Investi\u010dn\u00ed skupina ARETE letos slav\u00ed deset let sv\u00e9ho p\u016fsoben\u00ed na trhu. B\u011bhem t\u00e9to dek\u00e1dy dos\u00e1hla v\u00fdznamn\u00fdch \u00fasp\u011bch\u016f a stala se pr\u016fkopn\u00edkem v oblasti realitn\u00edch fond\u016f investuj\u00edc\u00edch v uzav\u0159en\u00e9m investi\u010dn\u00edm cyklu v \u010cesk\u00e9 republice. ARETE je jedin\u00e1 investi\u010dn\u00ed skupina, kter\u00e1 v \u010cesk\u00e9 republice \u00fasp\u011b\u0161n\u011b uzav\u0159ela dva nemovitostn\u00ed fondy a vyplatila sv\u00e9 investory. &#13; V roce&hellip;","_links":{"self":[{"href":"https:\/\/www.arete.eu\/cs\/wp-json\/wp\/v2\/posts\/13009","targetHints":{"allow":["GET"]}}],"collection":[{"href":"https:\/\/www.arete.eu\/cs\/wp-json\/wp\/v2\/posts"}],"about":[{"href":"https:\/\/www.arete.eu\/cs\/wp-json\/wp\/v2\/types\/post"}],"author":[{"embeddable":true,"href":"https:\/\/www.arete.eu\/cs\/wp-json\/wp\/v2\/users\/6"}],"replies":[{"embeddable":true,"href":"https:\/\/www.arete.eu\/cs\/wp-json\/wp\/v2\/comments?post=13009"}],"version-history":[{"count":1,"href":"https:\/\/www.arete.eu\/cs\/wp-json\/wp\/v2\/posts\/13009\/revisions"}],"predecessor-version":[{"id":13010,"href":"https:\/\/www.arete.eu\/cs\/wp-json\/wp\/v2\/posts\/13009\/revisions\/13010"}],"wp:featuredmedia":[{"embeddable":true,"href":"https:\/\/www.arete.eu\/cs\/wp-json\/wp\/v2\/media\/7730"}],"wp:attachment":[{"href":"https:\/\/www.arete.eu\/cs\/wp-json\/wp\/v2\/media?parent=13009"}],"wp:term":[{"taxonomy":"category","embeddable":true,"href":"https:\/\/www.arete.eu\/cs\/wp-json\/wp\/v2\/categories?post=13009"},{"taxonomy":"post_tag","embeddable":true,"href":"https:\/\/www.arete.eu\/cs\/wp-json\/wp\/v2\/tags?post=13009"}],"curies":[{"name":"wp","href":"https:\/\/api.w.org\/{rel}","templated":true}]}}