{"id":12504,"date":"2024-09-30T12:23:02","date_gmt":"2024-09-30T12:23:02","guid":{"rendered":"https:\/\/www.arete.eu\/arete-vstupuje-na-polsky-trh\/"},"modified":"2025-02-24T05:55:09","modified_gmt":"2025-02-24T05:55:09","slug":"arete-vstupuje-na-polsky-trh","status":"publish","type":"post","link":"https:\/\/www.arete.eu\/cs\/arete-vstupuje-na-polsky-trh\/","title":{"rendered":"ARETE vstupuje na polsk\u00fd trh"},"content":{"rendered":"&#13;\n<p><strong>Dokon\u010dili jsme akvizici v\u00fdznamn\u00e9ho logistick\u00e9ho parku v\u00a0z\u00e1padn\u00edm Polsku. ARETE t\u00edmto roz\u0161i\u0159uje sv\u00e9 p\u016fsoben\u00ed mimo \u010ceskou a Slovenskou republiku a vstupuje na polsk\u00fd trh. Park pos\u00edl\u00ed portfolio fondu ARETE INDUSTRIAL, jeho\u017e celkov\u00e1 pronaj\u00edmateln\u00e1 plocha vzroste o 25 % a hodnota aktiv ve spr\u00e1v\u011b p\u0159es\u00e1hne 7,5 mld. K\u010d.  <\/strong><\/p>&#13;\n<p>T\u00edmto v\u00fdznamn\u00fdm krokem, kter\u00fd je v souladu se strategi\u00ed skupiny zam\u011b\u0159enou na investice do vysoce kvalitn\u00edch logistick\u00fdch aktiv ve strategick\u00fdch lokalit\u00e1ch v Evrop\u011b, ARETE expanduje na polsk\u00fd trh. Park bude sou\u010d\u00e1st\u00ed portfolia nemovitostn\u00edho fondu ARETE INDUSTRIAL. <\/p>&#13;\n<p>Park je situov\u00e1n ve m\u011bst\u011b Zgorzelec a p\u0159edstavuje logistick\u00fd are\u00e1l t\u0159\u00eddy A, s certifikac\u00ed BREEAM Excellent, o celkov\u00e9 pronaj\u00edmateln\u00e9 plo\u0161e cca 65 000 m2. Nab\u00edz\u00ed kl\u00ed\u010dovou polohu na polsko-n\u011bmeck\u00e9 hranici s p\u0159\u00edm\u00fdm p\u0159\u00edstupem k v\u00fdznamn\u00fdm evropsk\u00fdm trh\u016fm. Park je v pln\u00e9m rozsahu dlouhodob\u011b pronajat presti\u017en\u00edm n\u00e1jemc\u016fm, evropsk\u00e9mu v\u00fdrobci dezinfek\u010dn\u00edch a hygienick\u00fdch produkt\u016f a v\u00fdznamn\u00e9mu logistick\u00e9mu oper\u00e1torovi, kter\u00fd zde provozuje distribu\u010dn\u00ed centrum.  <\/p>&#13;\n<p>M\u011bsto Zgorzelec, kter\u00e9 le\u017e\u00ed na n\u011bmecko-polsk\u00e9 hranici, nab\u00edz\u00ed \u0159adu v\u00fdhod pro logistick\u00e9 a pr\u016fmyslov\u00e9 aktivity. Jeho strategick\u00e1 p\u0159eshrani\u010dn\u00ed poloha umo\u017e\u0148uje hladk\u00fd p\u0159\u00edstup na n\u011bmeck\u00fd i polsk\u00fd trh. Oblast je dob\u0159e propojena s hlavn\u00edmi d\u00e1lnicemi, v\u010detn\u011b d\u00e1lnice A4, kter\u00e1 je sou\u010d\u00e1st\u00ed III. evropsk\u00e9ho dopravn\u00edho koridoru. To zaji\u0161\u0165uje efektivn\u00ed dopravu do velk\u00fdch m\u011bst, jako jsou Dr\u00e1\u017e\u010fany, Berl\u00edn a Vratislav. Region nab\u00edz\u00ed p\u0159\u00edstup ke kvalifikovan\u00e9 pracovn\u00ed s\u00edle z Polska i N\u011bmecka a je pr\u016fmyslov\u00fdm centrem s\u00a0orientac\u00ed na v\u00fdrobu, maloobchod a slu\u017eby.   <\/p>&#13;\n<p>Akvizic\u00ed parku vzroste celkov\u00e1 pronaj\u00edmateln\u00e1 plocha fondu ARETE INDUSTRIAL o 25 %. Zv\u00fd\u0161\u00ed se rovn\u011b\u017e hodnota aktiv ve spr\u00e1v\u011b fondu, kter\u00e1 p\u0159es\u00e1hne 7,5 mld. K\u010d. Z\u00a0geografick\u00e9ho a diverzifika\u010dn\u00edho hlediska je pronaj\u00edmateln\u00e1 plocha fondu rozd\u011blena takto: 48 % \u010cesk\u00e1 republika, 27 % Slovensko a 25 % Polsko. <\/p>&#13;\n<p>Park v\u00a0sob\u011b kombinuje funk\u010dnost a ekologick\u00e1 \u0159e\u0161en\u00ed. Certifik\u00e1t BREEAM Excellent potvrzuje jeho vysokou energetickou \u00fa\u010dinnost a n\u00edzk\u00e9 emise oxidu uhli\u010dit\u00e9ho. V\u00a0objektu jsou implementov\u00e1ny pokro\u010dil\u00e9 syst\u00e9my \u0159\u00edzen\u00ed spot\u0159eby energie, LED osv\u011btlen\u00ed a syst\u00e9my omezuj\u00edc\u00ed spot\u0159ebu vody, \u010d\u00edm\u017e spl\u0148uje pot\u0159eby n\u00e1jemc\u016f, kte\u0159\u00ed hledaj\u00ed logistick\u00e9 prostory udr\u017eiteln\u00e9 a modern\u00ed z\u00e1rove\u0148. Projekt je tak pln\u011b v\u00a0souladu s\u00a0ESG strategi\u00ed skupiny ARETE a potvrzuje jej\u00ed z\u00e1vazek k udr\u017eitelnosti a modern\u00ed infrastruktu\u0159e.   <\/p>&#13;\n<p>Tato akvizice p\u0159edstavuje dal\u0161\u00ed kl\u00ed\u010dov\u00fd krok pro expanzn\u00ed strategii ARETE v Evrop\u011b a m\u00e1 obrovsk\u00fd potenci\u00e1l r\u016fstu.<\/p>","protected":false},"excerpt":{"rendered":"<p>&#13; Dokon\u010dili jsme akvizici v\u00fdznamn\u00e9ho logistick\u00e9ho parku v\u00a0z\u00e1padn\u00edm Polsku. ARETE t\u00edmto roz\u0161i\u0159uje sv\u00e9 p\u016fsoben\u00ed mimo \u010ceskou a Slovenskou republiku a vstupuje na polsk\u00fd trh. Park pos\u00edl\u00ed portfolio fondu ARETE INDUSTRIAL, jeho\u017e celkov\u00e1 pronaj\u00edmateln\u00e1 plocha vzroste o 25 % a hodnota aktiv ve spr\u00e1v\u011b p\u0159es\u00e1hne 7,5 mld. K\u010d. &#13; T\u00edmto v\u00fdznamn\u00fdm krokem, kter\u00fd je v souladu se strategi\u00ed skupiny zam\u011b\u0159enou na investice do vysoce kvalitn\u00edch logistick\u00fdch aktiv ve strategick\u00fdch lokalit\u00e1ch v Evrop\u011b, ARETE expanduje na polsk\u00fd trh. Park bude sou\u010d\u00e1st\u00ed portfolia nemovitostn\u00edho fondu ARETE INDUSTRIAL. &#13; Park je situov\u00e1n ve m\u011bst\u011b Zgorzelec a p\u0159edstavuje logistick\u00fd are\u00e1l t\u0159\u00eddy A, s certifikac\u00ed BREEAM Excellent, o celkov\u00e9 pronaj\u00edmateln\u00e9 plo\u0161e cca 65 000 m2. Nab\u00edz\u00ed kl\u00ed\u010dovou polohu na polsko-n\u011bmeck\u00e9 hranici s p\u0159\u00edm\u00fdm p\u0159\u00edstupem k v\u00fdznamn\u00fdm evropsk\u00fdm trh\u016fm. Park je v pln\u00e9m rozsahu dlouhodob\u011b pronajat presti\u017en\u00edm n\u00e1jemc\u016fm, evropsk\u00e9mu v\u00fdrobci dezinfek\u010dn\u00edch a hygienick\u00fdch produkt\u016f a v\u00fdznamn\u00e9mu logistick\u00e9mu oper\u00e1torovi, kter\u00fd zde provozuje distribu\u010dn\u00ed centrum. &#13; M\u011bsto Zgorzelec, kter\u00e9 le\u017e\u00ed na n\u011bmecko-polsk\u00e9 hranici, nab\u00edz\u00ed \u0159adu v\u00fdhod pro logistick\u00e9 a pr\u016fmyslov\u00e9 aktivity. Jeho strategick\u00e1 p\u0159eshrani\u010dn\u00ed poloha umo\u017e\u0148uje hladk\u00fd p\u0159\u00edstup na n\u011bmeck\u00fd i polsk\u00fd trh. Oblast je dob\u0159e propojena s hlavn\u00edmi d\u00e1lnicemi, v\u010detn\u011b d\u00e1lnice A4, kter\u00e1 je sou\u010d\u00e1st\u00ed III. evropsk\u00e9ho dopravn\u00edho koridoru. To zaji\u0161\u0165uje efektivn\u00ed dopravu do velk\u00fdch m\u011bst, jako jsou Dr\u00e1\u017e\u010fany, Berl\u00edn a Vratislav. Region nab\u00edz\u00ed p\u0159\u00edstup ke kvalifikovan\u00e9 pracovn\u00ed s\u00edle z Polska i N\u011bmecka a je pr\u016fmyslov\u00fdm centrem s\u00a0orientac\u00ed na v\u00fdrobu, maloobchod a slu\u017eby. &#13; Akvizic\u00ed parku vzroste celkov\u00e1 pronaj\u00edmateln\u00e1 plocha fondu ARETE INDUSTRIAL o 25 %. Zv\u00fd\u0161\u00ed se rovn\u011b\u017e hodnota aktiv ve spr\u00e1v\u011b fondu, kter\u00e1 p\u0159es\u00e1hne 7,5 mld. K\u010d. Z\u00a0geografick\u00e9ho a diverzifika\u010dn\u00edho hlediska je pronaj\u00edmateln\u00e1 plocha fondu rozd\u011blena takto: 48 % \u010cesk\u00e1 republika, 27 % Slovensko a 25 % Polsko. &#13; Park v\u00a0sob\u011b kombinuje funk\u010dnost a ekologick\u00e1 \u0159e\u0161en\u00ed. Certifik\u00e1t BREEAM Excellent potvrzuje jeho vysokou energetickou \u00fa\u010dinnost a n\u00edzk\u00e9 emise oxidu uhli\u010dit\u00e9ho. V\u00a0objektu jsou implementov\u00e1ny pokro\u010dil\u00e9 syst\u00e9my \u0159\u00edzen\u00ed spot\u0159eby energie, LED osv\u011btlen\u00ed a syst\u00e9my omezuj\u00edc\u00ed spot\u0159ebu vody, \u010d\u00edm\u017e spl\u0148uje pot\u0159eby n\u00e1jemc\u016f, kte\u0159\u00ed hledaj\u00ed logistick\u00e9 prostory udr\u017eiteln\u00e9 a modern\u00ed z\u00e1rove\u0148. Projekt je tak pln\u011b v\u00a0souladu s\u00a0ESG strategi\u00ed skupiny ARETE a potvrzuje jej\u00ed z\u00e1vazek k udr\u017eitelnosti a modern\u00ed infrastruktu\u0159e. &#13; Tato akvizice p\u0159edstavuje dal\u0161\u00ed kl\u00ed\u010dov\u00fd krok pro expanzn\u00ed strategii ARETE v Evrop\u011b a m\u00e1 obrovsk\u00fd potenci\u00e1l r\u016fstu.<\/p>\n","protected":false},"author":6,"featured_media":7657,"comment_status":"open","ping_status":"open","sticky":false,"template":"@@single-custom-post.php","format":"standard","meta":{"_acf_changed":false,"footnotes":""},"categories":[63],"tags":[67],"class_list":["post-12504","post","type-post","status-publish","format-standard","has-post-thumbnail","hentry","category-praha-cs","tag-nemovitosti","investment-clanky-esg","news-novinky"],"acf":[],"rttpg_featured_image_url":{"full":["https:\/\/www.arete.eu\/wp-content\/uploads\/2025\/01\/panattoni-park-1.webp",1621,1080,false],"landscape":["https:\/\/www.arete.eu\/wp-content\/uploads\/2025\/01\/panattoni-park-1.webp",1621,1080,false],"portraits":["https:\/\/www.arete.eu\/wp-content\/uploads\/2025\/01\/panattoni-park-1.webp",1621,1080,false],"thumbnail":["https:\/\/www.arete.eu\/wp-content\/uploads\/2025\/01\/panattoni-park-1-150x150.webp",150,150,true],"medium":["https:\/\/www.arete.eu\/wp-content\/uploads\/2025\/01\/panattoni-park-1-300x200.webp",300,200,true],"large":["https:\/\/www.arete.eu\/wp-content\/uploads\/2025\/01\/panattoni-park-1-1024x682.webp",800,533,true],"1536x1536":["https:\/\/www.arete.eu\/wp-content\/uploads\/2025\/01\/panattoni-park-1-1536x1023.webp",1536,1023,true],"2048x2048":["https:\/\/www.arete.eu\/wp-content\/uploads\/2025\/01\/panattoni-park-1.webp",1621,1080,false]},"rttpg_author":{"display_name":"newadmin","author_link":"https:\/\/www.arete.eu\/cs\/author\/newadmin\/"},"rttpg_comment":0,"rttpg_category":"<a href=\"https:\/\/www.arete.eu\/cs\/category\/praha-cs\/\" rel=\"category tag\">Praha<\/a>","rttpg_excerpt":"&#13; Dokon\u010dili jsme akvizici v\u00fdznamn\u00e9ho logistick\u00e9ho parku v\u00a0z\u00e1padn\u00edm Polsku. ARETE t\u00edmto roz\u0161i\u0159uje sv\u00e9 p\u016fsoben\u00ed mimo \u010ceskou a Slovenskou republiku a vstupuje na polsk\u00fd trh. Park pos\u00edl\u00ed portfolio fondu ARETE INDUSTRIAL, jeho\u017e celkov\u00e1 pronaj\u00edmateln\u00e1 plocha vzroste o 25 % a hodnota aktiv ve spr\u00e1v\u011b p\u0159es\u00e1hne 7,5 mld. K\u010d. &#13; T\u00edmto v\u00fdznamn\u00fdm krokem, kter\u00fd je v souladu&hellip;","_links":{"self":[{"href":"https:\/\/www.arete.eu\/cs\/wp-json\/wp\/v2\/posts\/12504","targetHints":{"allow":["GET"]}}],"collection":[{"href":"https:\/\/www.arete.eu\/cs\/wp-json\/wp\/v2\/posts"}],"about":[{"href":"https:\/\/www.arete.eu\/cs\/wp-json\/wp\/v2\/types\/post"}],"author":[{"embeddable":true,"href":"https:\/\/www.arete.eu\/cs\/wp-json\/wp\/v2\/users\/6"}],"replies":[{"embeddable":true,"href":"https:\/\/www.arete.eu\/cs\/wp-json\/wp\/v2\/comments?post=12504"}],"version-history":[{"count":1,"href":"https:\/\/www.arete.eu\/cs\/wp-json\/wp\/v2\/posts\/12504\/revisions"}],"predecessor-version":[{"id":12505,"href":"https:\/\/www.arete.eu\/cs\/wp-json\/wp\/v2\/posts\/12504\/revisions\/12505"}],"wp:featuredmedia":[{"embeddable":true,"href":"https:\/\/www.arete.eu\/cs\/wp-json\/wp\/v2\/media\/7657"}],"wp:attachment":[{"href":"https:\/\/www.arete.eu\/cs\/wp-json\/wp\/v2\/media?parent=12504"}],"wp:term":[{"taxonomy":"category","embeddable":true,"href":"https:\/\/www.arete.eu\/cs\/wp-json\/wp\/v2\/categories?post=12504"},{"taxonomy":"post_tag","embeddable":true,"href":"https:\/\/www.arete.eu\/cs\/wp-json\/wp\/v2\/tags?post=12504"}],"curies":[{"name":"wp","href":"https:\/\/api.w.org\/{rel}","templated":true}]}}