{"id":12500,"date":"2024-10-02T11:12:07","date_gmt":"2024-10-02T11:12:07","guid":{"rendered":"https:\/\/www.arete.eu\/zucastnili-jsme-se-dobrocinne-akce-na-pomoc-zviratum-v-nouzi\/"},"modified":"2025-02-24T05:30:02","modified_gmt":"2025-02-24T05:30:02","slug":"zucastnili-jsme-se-dobrocinne-akce-na-pomoc-zviratum-v-nouzi","status":"publish","type":"post","link":"https:\/\/www.arete.eu\/cs\/zucastnili-jsme-se-dobrocinne-akce-na-pomoc-zviratum-v-nouzi\/","title":{"rendered":"Z\u00fa\u010dastnili jsme se dobro\u010dinn\u00e9 akce na pomoc zv\u00ed\u0159at\u016fm v nouzi"},"content":{"rendered":"&#13;\n<p><strong>V ned\u011bli 22. 9. se v Praze ve Stromovce konal 11. ro\u010dn\u00edk dobro\u010dinn\u00e9 akce B\u011bhejme a pom\u00e1hejme \u00fatulk\u016fm, kterou jsme podpo\u0159ili.<\/strong><\/p>&#13;\n<p>Akci po\u0159\u00e1d\u00e1 stejnojmenn\u00e1 organizace, kter\u00e1 od roku 2014 podporuje \u00fatulky pom\u00e1haj\u00edc\u00ed zv\u00ed\u0159at\u016fm v nouzi. Za l\u00e9ta sv\u00e9ho p\u016fsoben\u00ed se organizaci poda\u0159ilo z\u00edskat a rozd\u011blit finan\u010dn\u00ed pomoc p\u0159es 20 milion\u016f korun. Ambic\u00ed skupiny je vytvo\u0159it spole\u010dnost, kde je pomoc zv\u00ed\u0159at\u016fm samoz\u0159ejmost\u00ed. Zejm\u00e9na 96 % pomoci azylov\u00fdm dom\u016fm poch\u00e1z\u00ed od individu\u00e1ln\u00edch d\u00e1rc\u016f a pouze 4 % od spole\u010dnost\u00ed.<\/p>&#13;\n<p>Jsme r\u00e1di, \u017ee jsme p\u0159isp\u011bli na tuto dobrou v\u011bc a u\u017eili si skv\u011blou atmosf\u00e9ru dne.<\/p>&#13;\n<p>Snaha o spole\u010dnost odpov\u011bdnou za \u017eivotn\u00ed prost\u0159ed\u00ed je tak\u00e9 sou\u010d\u00e1st\u00ed na\u0161\u00ed strategie ESG. Nap\u0159\u00edklad v r\u00e1mci realitn\u00edho fondu ARETE INDUSTRIAL spravujeme v\u00edce ne\u017e 80 % budov pod mezin\u00e1rodn\u00ed certifikac\u00ed udr\u017eitelnosti BREEAM, co\u017e n\u00e1m umo\u017e\u0148uje zvy\u0161ovat hodnotu na\u0161ich nemovitost\u00ed a z\u00e1rove\u0148 sni\u017eovat dopady na \u017eivotn\u00ed prost\u0159ed\u00ed.<\/p>&#13;\n&#13;\n<p>\u00a0<\/p>&#13;\n<p><img decoding=\"async\" src=\"https:\/\/www.arete.eu\/wp-content\/uploads\/2025\/01\/kolaz-2.webp\" alt=\"\"><\/p>\n","protected":false},"excerpt":{"rendered":"<p>&#13; V ned\u011bli 22. 9. se v Praze ve Stromovce konal 11. ro\u010dn\u00edk dobro\u010dinn\u00e9 akce B\u011bhejme a pom\u00e1hejme \u00fatulk\u016fm, kterou jsme podpo\u0159ili. &#13; Akci po\u0159\u00e1d\u00e1 stejnojmenn\u00e1 organizace, kter\u00e1 od roku 2014 podporuje \u00fatulky pom\u00e1haj\u00edc\u00ed zv\u00ed\u0159at\u016fm v nouzi. Za l\u00e9ta sv\u00e9ho p\u016fsoben\u00ed se organizaci poda\u0159ilo z\u00edskat a rozd\u011blit finan\u010dn\u00ed pomoc p\u0159es 20 milion\u016f korun. Ambic\u00ed skupiny je vytvo\u0159it spole\u010dnost, kde je pomoc zv\u00ed\u0159at\u016fm samoz\u0159ejmost\u00ed. Zejm\u00e9na 96 % pomoci azylov\u00fdm dom\u016fm poch\u00e1z\u00ed od individu\u00e1ln\u00edch d\u00e1rc\u016f a pouze 4 % od spole\u010dnost\u00ed. &#13; Jsme r\u00e1di, \u017ee jsme p\u0159isp\u011bli na tuto dobrou v\u011bc a u\u017eili si skv\u011blou atmosf\u00e9ru dne. &#13; Snaha o spole\u010dnost odpov\u011bdnou za \u017eivotn\u00ed prost\u0159ed\u00ed je tak\u00e9 sou\u010d\u00e1st\u00ed na\u0161\u00ed strategie ESG. Nap\u0159\u00edklad v r\u00e1mci realitn\u00edho fondu ARETE INDUSTRIAL spravujeme v\u00edce ne\u017e 80 % budov pod mezin\u00e1rodn\u00ed certifikac\u00ed udr\u017eitelnosti BREEAM, co\u017e n\u00e1m umo\u017e\u0148uje zvy\u0161ovat hodnotu na\u0161ich nemovitost\u00ed a z\u00e1rove\u0148 sni\u017eovat dopady na \u017eivotn\u00ed prost\u0159ed\u00ed. &#13; &#13; \u00a0 &#13;<\/p>\n","protected":false},"author":6,"featured_media":7579,"comment_status":"open","ping_status":"open","sticky":false,"template":"@@single-custom-post.php","format":"standard","meta":{"_acf_changed":false,"footnotes":""},"categories":[63],"tags":[68],"class_list":["post-12500","post","type-post","status-publish","format-standard","has-post-thumbnail","hentry","category-praha-cs","tag-esg-strategie","investment-clanky-esg","news-novinky"],"acf":[],"rttpg_featured_image_url":{"full":["https:\/\/www.arete.eu\/wp-content\/uploads\/2025\/01\/foto-x-scaled.webp",1920,2560,false],"landscape":["https:\/\/www.arete.eu\/wp-content\/uploads\/2025\/01\/foto-x-scaled.webp",1920,2560,false],"portraits":["https:\/\/www.arete.eu\/wp-content\/uploads\/2025\/01\/foto-x-scaled.webp",1920,2560,false],"thumbnail":["https:\/\/www.arete.eu\/wp-content\/uploads\/2025\/01\/foto-x-150x150.webp",150,150,true],"medium":["https:\/\/www.arete.eu\/wp-content\/uploads\/2025\/01\/foto-x-225x300.webp",225,300,true],"large":["https:\/\/www.arete.eu\/wp-content\/uploads\/2025\/01\/foto-x-768x1024.webp",768,1024,true],"1536x1536":["https:\/\/www.arete.eu\/wp-content\/uploads\/2025\/01\/foto-x-1152x1536.webp",1152,1536,true],"2048x2048":["https:\/\/www.arete.eu\/wp-content\/uploads\/2025\/01\/foto-x-1536x2048.webp",1536,2048,true]},"rttpg_author":{"display_name":"newadmin","author_link":"https:\/\/www.arete.eu\/cs\/author\/newadmin\/"},"rttpg_comment":0,"rttpg_category":"<a href=\"https:\/\/www.arete.eu\/cs\/category\/praha-cs\/\" rel=\"category tag\">Praha<\/a>","rttpg_excerpt":"&#13; V ned\u011bli 22. 9. se v Praze ve Stromovce konal 11. ro\u010dn\u00edk dobro\u010dinn\u00e9 akce B\u011bhejme a pom\u00e1hejme \u00fatulk\u016fm, kterou jsme podpo\u0159ili. &#13; Akci po\u0159\u00e1d\u00e1 stejnojmenn\u00e1 organizace, kter\u00e1 od roku 2014 podporuje \u00fatulky pom\u00e1haj\u00edc\u00ed zv\u00ed\u0159at\u016fm v nouzi. Za l\u00e9ta sv\u00e9ho p\u016fsoben\u00ed se organizaci poda\u0159ilo z\u00edskat a rozd\u011blit finan\u010dn\u00ed pomoc p\u0159es 20 milion\u016f korun. Ambic\u00ed skupiny&hellip;","_links":{"self":[{"href":"https:\/\/www.arete.eu\/cs\/wp-json\/wp\/v2\/posts\/12500","targetHints":{"allow":["GET"]}}],"collection":[{"href":"https:\/\/www.arete.eu\/cs\/wp-json\/wp\/v2\/posts"}],"about":[{"href":"https:\/\/www.arete.eu\/cs\/wp-json\/wp\/v2\/types\/post"}],"author":[{"embeddable":true,"href":"https:\/\/www.arete.eu\/cs\/wp-json\/wp\/v2\/users\/6"}],"replies":[{"embeddable":true,"href":"https:\/\/www.arete.eu\/cs\/wp-json\/wp\/v2\/comments?post=12500"}],"version-history":[{"count":1,"href":"https:\/\/www.arete.eu\/cs\/wp-json\/wp\/v2\/posts\/12500\/revisions"}],"predecessor-version":[{"id":12501,"href":"https:\/\/www.arete.eu\/cs\/wp-json\/wp\/v2\/posts\/12500\/revisions\/12501"}],"wp:featuredmedia":[{"embeddable":true,"href":"https:\/\/www.arete.eu\/cs\/wp-json\/wp\/v2\/media\/7579"}],"wp:attachment":[{"href":"https:\/\/www.arete.eu\/cs\/wp-json\/wp\/v2\/media?parent=12500"}],"wp:term":[{"taxonomy":"category","embeddable":true,"href":"https:\/\/www.arete.eu\/cs\/wp-json\/wp\/v2\/categories?post=12500"},{"taxonomy":"post_tag","embeddable":true,"href":"https:\/\/www.arete.eu\/cs\/wp-json\/wp\/v2\/tags?post=12500"}],"curies":[{"name":"wp","href":"https:\/\/api.w.org\/{rel}","templated":true}]}}