{"id":12496,"date":"2024-11-19T10:59:51","date_gmt":"2024-11-19T10:59:51","guid":{"rendered":"https:\/\/www.arete.eu\/dekarbonizaci-portfolia-podporujeme-dosazeni-vynosu\/"},"modified":"2025-02-24T05:16:07","modified_gmt":"2025-02-24T05:16:07","slug":"dekarbonizaci-portfolia-podporujeme-dosazeni-vynosu","status":"publish","type":"post","link":"https:\/\/www.arete.eu\/cs\/dekarbonizaci-portfolia-podporujeme-dosazeni-vynosu\/","title":{"rendered":"Dekarbonizac\u00ed portfolia podporujeme dosa\u017een\u00ed v\u00fdnos\u016f"},"content":{"rendered":"&#13;\n<p><strong>Dosa\u017een\u00ed c\u00edl\u016f Pa\u0159\u00ed\u017esk\u00e9 dohody vy\u017eaduje z\u00e1sadn\u00ed prom\u011bnu glob\u00e1ln\u00edch finan\u010dn\u00edch tok\u016f. Pro soukrom\u00fd sektor, zejm\u00e9na pro investi\u010dn\u00ed fondy, nab\u00edz\u00ed tato zm\u011bna v\u00fdznamn\u00e9 p\u0159\u00edle\u017eitosti. Investice do projekt\u016f, kter\u00e9 se zam\u011b\u0159uj\u00ed na ochranu klimatu, nejen zvy\u0161uj\u00ed udr\u017eitelnost, ale tak\u00e9 otev\u00edraj\u00ed mo\u017enosti pro generov\u00e1n\u00ed dlouhodob\u00fdch v\u00fdnos\u016f.  <\/strong><\/p>&#13;\n<p>Na v\u00fdro\u010dn\u00edm f\u00f3ru OECD Green Finance and Investment upozornil Frederic Samama, vedouc\u00ed odd\u011blen\u00ed strategick\u00e9ho rozvoje spole\u010dnosti S&amp;P Global Sustainable 1, na kl\u00ed\u010dovou p\u0159\u00edle\u017eitost pro investory. Zd\u016fraznil p\u0159\u00ednos slad\u011bn\u00ed ro\u010dn\u00ed uhl\u00edkov\u00e9 stopy investi\u010dn\u00edch portfoli\u00ed s doporu\u010den\u00edmi Mezivl\u00e1dn\u00edho panelu pro zm\u011bnu klimatu (IPCC). O\u010dek\u00e1vanou m\u00edru ro\u010dn\u00edho sn\u00ed\u017een\u00ed emis\u00ed, kterou maj\u00ed investi\u010dn\u00ed portfolia do roku 2050 n\u00e1sledovat, definuje konkr\u00e9tn\u011b Zvl\u00e1\u0161tn\u00ed zpr\u00e1va IPCC ke glob\u00e1ln\u00edmu oteplen\u00ed o 1,5\u00b0C. \u00a0Finan\u010dn\u00ed instituce si mohou tuto ro\u010dn\u00ed m\u00edru dekarbonizace osvojit, aby ochr\u00e1nily sv\u00e9 investice p\u0159ed finan\u010dn\u00edmi riziky plynouc\u00edmi z glob\u00e1ln\u00ed transformace ke klimatick\u00e9 neutralit\u011b.   <\/p>&#13;\n<p>Anal\u00fdza skupiny ARETE ukazuje, \u017ee za \u00fa\u010delem vy\u0161\u0161\u00edho zhodnocen\u00ed m\u016f\u017ee b\u00fdt investi\u010dn\u00ed portfolio slad\u011bno s\u00a0o\u010dek\u00e1vanou m\u00edrou dekarbonizace. Nemovitosti ve spr\u00e1v\u011b fondu ARETE INDUSTRIAL proto proch\u00e1zej\u00ed mezin\u00e1rodn\u011b uzn\u00e1van\u00fdm hodnocen\u00edm Carbon Risk Real Estate Monitor (CRREM). Pomoc\u00ed n\u00e1stroje CRREM kvantitativn\u011b vyhodnocujeme m\u00edru souladu portfolia ARETE INDUSTRIAL s Pa\u0159\u00ed\u017eskou dohodou a se Zvl\u00e1\u0161tn\u00ed zpr\u00e1vou IPCC. V d\u016fsledku anal\u00fdzy jsme tak schopni l\u00e9pe a rychleji zm\u00edr\u0148ovat transforma\u010dn\u00ed rizika a chr\u00e1nit na\u0161e investice p\u0159ed n\u00e1klady, kter\u00e9 zp\u016fsobuje zav\u00e1d\u011bn\u00ed tr\u017en\u00edch mechanism\u016f, jako je Syst\u00e9m pro obchodov\u00e1n\u00ed s emisemi (EU ETS II). Krom\u011b toho n\u00e1stroj CRREM p\u0159isp\u00edv\u00e1 k aktivn\u00ed spr\u00e1v\u011b na\u0161eho portfolia udr\u017eiteln\u00fdch nemovitost\u00ed. Jejich hodnotu d\u00e1le zvy\u0161ujeme pomoc\u00ed presti\u017en\u00ed certifikace BREEAM na \u00farovni Very Good, kterou spravujeme u v\u00edce ne\u017e 90 % na\u0161ich aktiv. Ob\u011b v\u011bdecky podlo\u017een\u00e1 hodnocen\u00ed spole\u010dn\u011b p\u0159isp\u00edvaj\u00ed ke zlep\u0161ov\u00e1n\u00ed pom\u011bru rizika a v\u00fdnosu, jsou vod\u00edtkem pro rozhodov\u00e1n\u00ed a pom\u00e1haj\u00ed \u0159adit skupinu ARETE mezi l\u00eddry v oblasti industri\u00e1ln\u00edch nemovitost\u00ed ve st\u0159edn\u00ed Evrop\u011b.      <\/p>&#13;\n&#13;\n<p>\u00a0<\/p>&#13;\n<p><img decoding=\"async\" src=\"https:\/\/www.arete.eu\/wp-content\/uploads\/2025\/01\/arete-park-valasske-mezirici-2024-128-scaled.webp\" alt=\"\"><\/p>\n","protected":false},"excerpt":{"rendered":"<p>&#13; Dosa\u017een\u00ed c\u00edl\u016f Pa\u0159\u00ed\u017esk\u00e9 dohody vy\u017eaduje z\u00e1sadn\u00ed prom\u011bnu glob\u00e1ln\u00edch finan\u010dn\u00edch tok\u016f. Pro soukrom\u00fd sektor, zejm\u00e9na pro investi\u010dn\u00ed fondy, nab\u00edz\u00ed tato zm\u011bna v\u00fdznamn\u00e9 p\u0159\u00edle\u017eitosti. Investice do projekt\u016f, kter\u00e9 se zam\u011b\u0159uj\u00ed na ochranu klimatu, nejen zvy\u0161uj\u00ed udr\u017eitelnost, ale tak\u00e9 otev\u00edraj\u00ed mo\u017enosti pro generov\u00e1n\u00ed dlouhodob\u00fdch v\u00fdnos\u016f. &#13; Na v\u00fdro\u010dn\u00edm f\u00f3ru OECD Green Finance and Investment upozornil Frederic Samama, vedouc\u00ed odd\u011blen\u00ed strategick\u00e9ho rozvoje spole\u010dnosti S&amp;P Global Sustainable 1, na kl\u00ed\u010dovou p\u0159\u00edle\u017eitost pro investory. Zd\u016fraznil p\u0159\u00ednos slad\u011bn\u00ed ro\u010dn\u00ed uhl\u00edkov\u00e9 stopy investi\u010dn\u00edch portfoli\u00ed s doporu\u010den\u00edmi Mezivl\u00e1dn\u00edho panelu pro zm\u011bnu klimatu (IPCC). O\u010dek\u00e1vanou m\u00edru ro\u010dn\u00edho sn\u00ed\u017een\u00ed emis\u00ed, kterou maj\u00ed investi\u010dn\u00ed portfolia do roku 2050 n\u00e1sledovat, definuje konkr\u00e9tn\u011b Zvl\u00e1\u0161tn\u00ed zpr\u00e1va IPCC ke glob\u00e1ln\u00edmu oteplen\u00ed o 1,5\u00b0C. \u00a0Finan\u010dn\u00ed instituce si mohou tuto ro\u010dn\u00ed m\u00edru dekarbonizace osvojit, aby ochr\u00e1nily sv\u00e9 investice p\u0159ed finan\u010dn\u00edmi riziky plynouc\u00edmi z glob\u00e1ln\u00ed transformace ke klimatick\u00e9 neutralit\u011b. &#13; Anal\u00fdza skupiny ARETE ukazuje, \u017ee za \u00fa\u010delem vy\u0161\u0161\u00edho zhodnocen\u00ed m\u016f\u017ee b\u00fdt investi\u010dn\u00ed portfolio slad\u011bno s\u00a0o\u010dek\u00e1vanou m\u00edrou dekarbonizace. Nemovitosti ve spr\u00e1v\u011b fondu ARETE INDUSTRIAL proto proch\u00e1zej\u00ed mezin\u00e1rodn\u011b uzn\u00e1van\u00fdm hodnocen\u00edm Carbon Risk Real Estate Monitor (CRREM). Pomoc\u00ed n\u00e1stroje CRREM kvantitativn\u011b vyhodnocujeme m\u00edru souladu portfolia ARETE INDUSTRIAL s Pa\u0159\u00ed\u017eskou dohodou a se Zvl\u00e1\u0161tn\u00ed zpr\u00e1vou IPCC. V d\u016fsledku anal\u00fdzy jsme tak schopni l\u00e9pe a rychleji zm\u00edr\u0148ovat transforma\u010dn\u00ed rizika a chr\u00e1nit na\u0161e investice p\u0159ed n\u00e1klady, kter\u00e9 zp\u016fsobuje zav\u00e1d\u011bn\u00ed tr\u017en\u00edch mechanism\u016f, jako je Syst\u00e9m pro obchodov\u00e1n\u00ed s emisemi (EU ETS II). Krom\u011b toho n\u00e1stroj CRREM p\u0159isp\u00edv\u00e1 k aktivn\u00ed spr\u00e1v\u011b na\u0161eho portfolia udr\u017eiteln\u00fdch nemovitost\u00ed. Jejich hodnotu d\u00e1le zvy\u0161ujeme pomoc\u00ed presti\u017en\u00ed certifikace BREEAM na \u00farovni Very Good, kterou spravujeme u v\u00edce ne\u017e 90 % na\u0161ich aktiv. Ob\u011b v\u011bdecky podlo\u017een\u00e1 hodnocen\u00ed spole\u010dn\u011b p\u0159isp\u00edvaj\u00ed ke zlep\u0161ov\u00e1n\u00ed pom\u011bru rizika a v\u00fdnosu, jsou vod\u00edtkem pro rozhodov\u00e1n\u00ed a pom\u00e1haj\u00ed \u0159adit skupinu ARETE mezi l\u00eddry v oblasti industri\u00e1ln\u00edch nemovitost\u00ed ve st\u0159edn\u00ed Evrop\u011b. &#13; &#13; \u00a0 &#13;<\/p>\n","protected":false},"author":6,"featured_media":7328,"comment_status":"open","ping_status":"open","sticky":false,"template":"@@single-custom-post.php","format":"standard","meta":{"_acf_changed":false,"footnotes":""},"categories":[63],"tags":[68],"class_list":["post-12496","post","type-post","status-publish","format-standard","has-post-thumbnail","hentry","category-praha-cs","tag-esg-strategie","investment-clanky-esg","news-novinky"],"acf":[],"rttpg_featured_image_url":{"full":["https:\/\/www.arete.eu\/wp-content\/uploads\/2025\/01\/small-arete-beckov-78.webp",1200,750,false],"landscape":["https:\/\/www.arete.eu\/wp-content\/uploads\/2025\/01\/small-arete-beckov-78.webp",1200,750,false],"portraits":["https:\/\/www.arete.eu\/wp-content\/uploads\/2025\/01\/small-arete-beckov-78.webp",1200,750,false],"thumbnail":["https:\/\/www.arete.eu\/wp-content\/uploads\/2025\/01\/small-arete-beckov-78-150x150.webp",150,150,true],"medium":["https:\/\/www.arete.eu\/wp-content\/uploads\/2025\/01\/small-arete-beckov-78-300x188.webp",300,188,true],"large":["https:\/\/www.arete.eu\/wp-content\/uploads\/2025\/01\/small-arete-beckov-78-1024x640.webp",800,500,true],"1536x1536":["https:\/\/www.arete.eu\/wp-content\/uploads\/2025\/01\/small-arete-beckov-78.webp",1200,750,false],"2048x2048":["https:\/\/www.arete.eu\/wp-content\/uploads\/2025\/01\/small-arete-beckov-78.webp",1200,750,false]},"rttpg_author":{"display_name":"newadmin","author_link":"https:\/\/www.arete.eu\/cs\/author\/newadmin\/"},"rttpg_comment":0,"rttpg_category":"<a href=\"https:\/\/www.arete.eu\/cs\/category\/praha-cs\/\" rel=\"category tag\">Praha<\/a>","rttpg_excerpt":"&#13; Dosa\u017een\u00ed c\u00edl\u016f Pa\u0159\u00ed\u017esk\u00e9 dohody vy\u017eaduje z\u00e1sadn\u00ed prom\u011bnu glob\u00e1ln\u00edch finan\u010dn\u00edch tok\u016f. Pro soukrom\u00fd sektor, zejm\u00e9na pro investi\u010dn\u00ed fondy, nab\u00edz\u00ed tato zm\u011bna v\u00fdznamn\u00e9 p\u0159\u00edle\u017eitosti. Investice do projekt\u016f, kter\u00e9 se zam\u011b\u0159uj\u00ed na ochranu klimatu, nejen zvy\u0161uj\u00ed udr\u017eitelnost, ale tak\u00e9 otev\u00edraj\u00ed mo\u017enosti pro generov\u00e1n\u00ed dlouhodob\u00fdch v\u00fdnos\u016f. &#13; Na v\u00fdro\u010dn\u00edm f\u00f3ru OECD Green Finance and Investment upozornil Frederic Samama,&hellip;","_links":{"self":[{"href":"https:\/\/www.arete.eu\/cs\/wp-json\/wp\/v2\/posts\/12496","targetHints":{"allow":["GET"]}}],"collection":[{"href":"https:\/\/www.arete.eu\/cs\/wp-json\/wp\/v2\/posts"}],"about":[{"href":"https:\/\/www.arete.eu\/cs\/wp-json\/wp\/v2\/types\/post"}],"author":[{"embeddable":true,"href":"https:\/\/www.arete.eu\/cs\/wp-json\/wp\/v2\/users\/6"}],"replies":[{"embeddable":true,"href":"https:\/\/www.arete.eu\/cs\/wp-json\/wp\/v2\/comments?post=12496"}],"version-history":[{"count":1,"href":"https:\/\/www.arete.eu\/cs\/wp-json\/wp\/v2\/posts\/12496\/revisions"}],"predecessor-version":[{"id":12497,"href":"https:\/\/www.arete.eu\/cs\/wp-json\/wp\/v2\/posts\/12496\/revisions\/12497"}],"wp:featuredmedia":[{"embeddable":true,"href":"https:\/\/www.arete.eu\/cs\/wp-json\/wp\/v2\/media\/7328"}],"wp:attachment":[{"href":"https:\/\/www.arete.eu\/cs\/wp-json\/wp\/v2\/media?parent=12496"}],"wp:term":[{"taxonomy":"category","embeddable":true,"href":"https:\/\/www.arete.eu\/cs\/wp-json\/wp\/v2\/categories?post=12496"},{"taxonomy":"post_tag","embeddable":true,"href":"https:\/\/www.arete.eu\/cs\/wp-json\/wp\/v2\/tags?post=12496"}],"curies":[{"name":"wp","href":"https:\/\/api.w.org\/{rel}","templated":true}]}}